{"id":3604,"date":"2021-10-17T11:45:55","date_gmt":"2021-10-17T11:45:55","guid":{"rendered":"https:\/\/jobufer.com\/?p=3604"},"modified":"2021-10-17T11:52:34","modified_gmt":"2021-10-17T11:52:34","slug":"3604","status":"publish","type":"post","link":"https:\/\/jobufer.com\/index.php\/2021\/10\/17\/3604\/","title":{"rendered":"Feria de energ\u00eda y Medio ambiente: GENERA 2021"},"content":{"rendered":"\n<p style=\"text-align: justify;\">Del 16 al 18 de noviembre se celebrar\u00e1 en Madrid la 24\u00ba Feria Internacional de Energ\u00eda y Medio Ambiente (<strong>GENERA<\/strong>), organizada por IFEMA en colaboraci\u00f3n con el IDAE, <em>Instituto para la Diversificaci\u00f3n y Ahorro de la Energ\u00eda (<\/em>Ministerio para la Transici\u00f3n Ecol\u00f3gica y el Reto Demogr\u00e1fico).<\/p>\n<div class=\"mb-4\" style=\"text-align: justify;\">\n<h2 class=\"col-12 h4 ifema-h2\">\u00bfQu\u00e9 es Genera?<\/h2>\n<\/div>\n<p style=\"text-align: justify;\"><strong><img loading=\"lazy\" decoding=\"async\" class=\"alignleft wp-image-3605 \" src=\"https:\/\/jobufer.com\/wp-content\/uploads\/2021\/10\/1540419345910.jpg\" alt=\"\" width=\"524\" height=\"349\" srcset=\"https:\/\/jobufer.com\/wp-content\/uploads\/2021\/10\/1540419345910.jpg 691w, https:\/\/jobufer.com\/wp-content\/uploads\/2021\/10\/1540419345910-300x200.jpg 300w\" sizes=\"auto, (max-width: 524px) 100vw, 524px\">GENERA 2020 cerr\u00f3 su 23\u00aa edici\u00f3n con cerca de 19.000 visitantes.<\/strong>\u00a0La Feria cont\u00f3 con la visita de profesionales de 64 pa\u00edses, incrementando en un 45% los visitantes extranjeros.<\/p>\n<p style=\"text-align: justify;\">GENERA 2020, Feria de Energ\u00eda y Medio Ambiente, organizada por IFEMA en colaboraci\u00f3n con el IDAE,<em>\u00a0Instituto para la Diversificaci\u00f3n y Ahorro de la Energ\u00eda<\/em> (Ministerio para la Transici\u00f3n Ecol\u00f3gica y el Reto Demogr\u00e1fico) cerr\u00f3 su 23\u00aa edici\u00f3n con la asistencia de 18.886 profesionales procedentes de 64 pa\u00edses, lo que supone un incremento de casi un 29% en la participaci\u00f3n respecto a la edici\u00f3n anterior de 2019. Los visitantes del certamen tuvieron oportunidad de conocer la oferta de 237 empresas, procedentes de 16 pa\u00edses.<\/p>\n<p style=\"text-align: justify;\">En la edici\u00f3n de 2021 se espera superar la cifra de 20.000 visitantes profesionales, de m\u00e1s de 65 pa\u00edses.<\/p>\n<p>\u00a0<\/p>\n<p><strong>M\u00e1s informaci\u00f3n:<\/strong> <a href=\"https:\/\/www.ifema.es\/genera\" target=\"_blank\" rel=\"noopener\">https:\/\/www.ifema.es\/genera<\/a><\/p>\n","protected":false},"excerpt":{"rendered":"<p>Del 16 al 18 de noviembre se celebrar\u00e1 en Madrid la 24\u00ba Feria Internacional de Energ\u00eda y Medio Ambiente (GENERA), organizada por IFEMA en colaboraci\u00f3n con el IDAE, Instituto para la Diversificaci\u00f3n y Ahorro de la Energ\u00eda (Ministerio para la Transici\u00f3n Ecol\u00f3gica y el Reto Demogr\u00e1fico). \u00bfQu\u00e9 es Genera? GENERA 2020 cerr\u00f3 su 23\u00aa edici\u00f3n [&hellip;]<\/p>\n","protected":false},"author":1,"featured_media":3606,"comment_status":"closed","ping_status":"closed","sticky":false,"template":"","format":"standard","meta":{"rop_custom_images_group":[],"rop_custom_messages_group":[],"rop_publish_now":"initial","rop_publish_now_accounts":{"facebook_391207609099785_107747471705101":"","twitter_1455864053738483718_1455864053738483718":""},"rop_publish_now_history":[],"rop_publish_now_status":"pending","footnotes":""},"categories":[55],"tags":[],"class_list":["post-3604","post","type-post","status-publish","format-standard","has-post-thumbnail","hentry","category-energia"],"jetpack_featured_media_url":"https:\/\/jobufer.com\/wp-content\/uploads\/2021\/10\/20211008185832-genera-2021-web.jpg","meta_box":{"nt_forester_gallery_image":[],"nt_forester_quote_text":"","nt_forester_quote_author":"","nt_forester_quote_bg":"","nt_forester_quote_bg_opacity":"80","nt_forester_audio_mp3":"","nt_forester_audio_ogg":"","nt_forester_audio_sc":"","nt_forester_audio_sc_color":"#ff7700","nt_forester_video_m4v":"","nt_forester_video_ogv":"","nt_forester_video_webm":"","nt_forester_video_embed":""},"_links":{"self":[{"href":"https:\/\/jobufer.com\/index.php\/wp-json\/wp\/v2\/posts\/3604","targetHints":{"allow":["GET"]}}],"collection":[{"href":"https:\/\/jobufer.com\/index.php\/wp-json\/wp\/v2\/posts"}],"about":[{"href":"https:\/\/jobufer.com\/index.php\/wp-json\/wp\/v2\/types\/post"}],"author":[{"embeddable":true,"href":"https:\/\/jobufer.com\/index.php\/wp-json\/wp\/v2\/users\/1"}],"replies":[{"embeddable":true,"href":"https:\/\/jobufer.com\/index.php\/wp-json\/wp\/v2\/comments?post=3604"}],"version-history":[{"count":4,"href":"https:\/\/jobufer.com\/index.php\/wp-json\/wp\/v2\/posts\/3604\/revisions"}],"predecessor-version":[{"id":3611,"href":"https:\/\/jobufer.com\/index.php\/wp-json\/wp\/v2\/posts\/3604\/revisions\/3611"}],"wp:featuredmedia":[{"embeddable":true,"href":"https:\/\/jobufer.com\/index.php\/wp-json\/wp\/v2\/media\/3606"}],"wp:attachment":[{"href":"https:\/\/jobufer.com\/index.php\/wp-json\/wp\/v2\/media?parent=3604"}],"wp:term":[{"taxonomy":"category","embeddable":true,"href":"https:\/\/jobufer.com\/index.php\/wp-json\/wp\/v2\/categories?post=3604"},{"taxonomy":"post_tag","embeddable":true,"href":"https:\/\/jobufer.com\/index.php\/wp-json\/wp\/v2\/tags?post=3604"}],"curies":[{"name":"wp","href":"https:\/\/api.w.org\/{rel}","templated":true}]}}