{"id":3631,"date":"2021-11-09T13:13:50","date_gmt":"2021-11-09T13:13:50","guid":{"rendered":"https:\/\/jobufer.com\/?p=3631"},"modified":"2021-11-24T18:23:22","modified_gmt":"2021-11-24T18:23:22","slug":"ii-jornada-sobre-ecocombustibles","status":"publish","type":"post","link":"https:\/\/jobufer.com\/index.php\/2021\/11\/09\/ii-jornada-sobre-ecocombustibles\/","title":{"rendered":"II Jornada sobre Ecocombustibles"},"content":{"rendered":"<div class=\"wpb-content-wrapper\">\n<p>[vc_row css=\u00bb.vc_custom_1636464459332{padding-bottom: 50px !important;}\u00bb nt_row_loop_breakpoint=\u00bb%5B%7B%7D%5D\u00bb][vc_column][vc_column_text]<\/p>\n<h3 style=\"text-align: center;\">Se presenta en sociedad la Plataforma para la Promoci\u00f3n de los Ecocombustibles.<\/h3>\n<p>[\/vc_column_text][\/vc_column][\/vc_row][vc_row][vc_column width=\u00bb1\/2\u2033][vc_column_text]Ha tenido lugar en la sede de <a href=\"https:\/\/www.aop.es\/\" target=\"_blank\" rel=\"noopener\">AOP<\/a>\u00a0la\u00a0<strong>II Jornada sobre Ecocombustibles: Complementarios e Imprescindibles<\/strong>, tras su inauguraci\u00f3n a cargo del Director General de AOP,\u00a0<strong>Andreu Pu\u00f1et Balsebre<\/strong>. Tanto\u00a0<strong>Antonio Garamendi<\/strong>, Presidente de la CEOE, como\u00a0<strong>Ra\u00fcl Blanco<\/strong>, Secretario General de Industria y PYME, han coincidido en la necesidad de\u00a0<strong>respetar el principio de neutralidad tecnol\u00f3gica<\/strong>\u00a0en la inauguraci\u00f3n institucional, sin dejar atr\u00e1s a la industria en el plan de descarbonizaci\u00f3n.<\/p>\n<p><strong>Luis Cabra<\/strong>, Presidente de FuelsEurope, ha expuesto las expectativas y las posibilidades que ofrecen los ecocombustibles para la transici\u00f3n energ\u00e9tica y la justa competitividad del mercado en el marco europeo.[\/vc_column_text][\/vc_column][vc_column width=\u00bb1\/2\u2033][vc_single_image image=\u00bb3632\u2033 img_size=\u00bbfull\u00bb][\/vc_column][\/vc_row][vc_row css=\u00bb.vc_custom_1636464217429{padding-top: 50px !important;}\u00bb nt_row_loop_breakpoint=\u00bb%5B%7B%7D%5D\u00bb][vc_column][vc_column_text]La mesa redonda, constituida por asociaciones y representantes de la\u00a0<a href=\"http:\/\/www.geregras.es\/noticias\/News\/show\/la-ultima-en-incorp-3346\"><strong>Plataforma para la Promoci\u00f3n de los Ecocombustibles<\/strong><\/a>\u00a0y moderada por\u00a0<strong>In\u00e9s Bargue\u00f1o<\/strong>, Directora de EY-Parthenon, ha expuesto los principales retos que plantea la descarbonizaci\u00f3n a las mismas.\u00a0<strong>Elena Seco Garc\u00eda-Valdecasas<\/strong>, Directora General de Asociaci\u00f3n de Navieros Espa\u00f1oles (ANAVE), recalcaba: \u201cel reto al que nos enfrentamos es ingente, porque ahora mismo no vemos la luz al final del t\u00fanel\u201d. Por su parte,\u00a0<strong>Jos\u00e9 Carlos Caballero<\/strong>, Director T\u00e9cnico de ASAJA (Asociaci\u00f3n Agraria-J\u00f3venes Agricultores), subrayaba la necesidad de valorar la agricultura y su papel esencial al estar al principio y al final de la cadena, como productores de biomasa y consumidores de combustibles.<\/p>\n<p>Se han planteado varias soluciones, coincidiendo tanto\u00a0<strong>Javier Gandara<\/strong>, Presidente de ALA Asociaci\u00f3n L\u00edneas A\u00e9reas, como\u00a0<strong>Jorge De Benito Garrastazu<\/strong>, Presidente de CEEES y\u00a0<strong>Rafael Barbadillo L\u00f3pez<\/strong>, Presidente de CONFEBUS | Confederaci\u00f3n Espa\u00f1ola de Transporte en Autob\u00fas, en la necesidad de ser conscientes de las distintas herramientas que tenemos y la oportunidad que ofrecen los ecocombustibles para asegurar la continuidad de los sectores.<\/p>\n<p>En palabras de Andreu Pu\u00f1et Balsebre, Director General de AOP,\u00a0<strong>los ecocombustibles \u201cson imprescindibles porque van a posibilitar la descarbonizaci\u00f3n inmediata de medios de transporte para los que otras tecnolog\u00edas no est\u00e1n maduras, no son accesibles o no son aplicables<\/strong>\u201d.<\/p>\n<p>En cuanto a las demandas a la administraci\u00f3n p\u00fablica, todos piden: certidumbre regulatoria, favorecer el desarrollo de todas las opciones, objetivos cumplibles y, sobre todo, que se les permita trabajar.<\/p>\n<p>En la clausura,\u00a0<strong>Juan Antonio Carrillo de Albornoz<\/strong>, presidente de AOP, ha recalcado que el avance de las diferentes tecnolog\u00edas debe ser conjunto, al igual que la competitividad, solicitando\u00a0<strong>apoyo a la administraci\u00f3n para incorporar los ecocombustibles plenamente en la estrategia de descarbonizaci\u00f3n, \u201cpara participar y ayudar en la transici\u00f3n ecol\u00f3gica al mismo nivel que otras alternativas ya aceptadas\u00bb<\/strong>. Finalmente ha presentado la web sobre ecocombustibles:\u00a0<strong><a href=\"https:\/\/ecocombustibles.com\/\" target=\"_blank\" rel=\"noopener\">https:\/\/ecocombustibles.com\/<\/a><\/strong>, en la que los ciudadanos podr\u00e1n encontrar la informaci\u00f3n necesaria para conocer el producto y los beneficios que puede aportar.[\/vc_column_text][vc_separator border_width=\u00bb3\u2033 css=\u00bb.vc_custom_1636463965858{padding-top: 50px !important;}\u00bb][\/vc_column][\/vc_row][vc_row css=\u00bb.vc_custom_1636463945603{padding-top: 50px !important;}\u00bb nt_row_loop_breakpoint=\u00bb%5B%7B%7D%5D\u00bb][vc_column width=\u00bb1\/2\u2033][vc_column_text]Fuentes: AOP.<\/p>\n<p>[\/vc_column_text][\/vc_column][vc_column width=\u00bb1\/2\u2033][\/vc_column][\/vc_row]<\/p>\n<\/div>","protected":false},"excerpt":{"rendered":"<p>[vc_row css=\u00bb.vc_custom_1636464459332{padding-bottom: 50px !important;}\u00bb nt_row_loop_breakpoint=\u00bb%5B%7B%7D%5D\u00bb][vc_column][vc_column_text] Se presenta en sociedad la Plataforma para la Promoci\u00f3n de los Ecocombustibles. [\/vc_column_text][\/vc_column][\/vc_row][vc_row][vc_column width=\u00bb1\/2\u2033][vc_column_text]Ha tenido lugar en la sede de AOP\u00a0la\u00a0II Jornada sobre Ecocombustibles: Complementarios e Imprescindibles, tras su inauguraci\u00f3n a cargo del Director General de AOP,\u00a0Andreu Pu\u00f1et Balsebre. Tanto\u00a0Antonio Garamendi, Presidente de la CEOE, como\u00a0Ra\u00fcl Blanco, Secretario General de [&hellip;]<\/p>\n","protected":false},"author":1,"featured_media":0,"comment_status":"closed","ping_status":"closed","sticky":false,"template":"","format":"standard","meta":{"rop_custom_images_group":[],"rop_custom_messages_group":[],"rop_publish_now":"initial","rop_publish_now_accounts":{"facebook_391207609099785_107747471705101":"","twitter_1455864053738483718_1455864053738483718":""},"rop_publish_now_history":[],"rop_publish_now_status":"pending","footnotes":""},"categories":[1],"tags":[],"class_list":["post-3631","post","type-post","status-publish","format-standard","hentry","category-uncategorized"],"jetpack_featured_media_url":"","meta_box":{"nt_forester_gallery_image":[],"nt_forester_quote_text":"","nt_forester_quote_author":"","nt_forester_quote_bg":"","nt_forester_quote_bg_opacity":"80","nt_forester_audio_mp3":"","nt_forester_audio_ogg":"","nt_forester_audio_sc":"","nt_forester_audio_sc_color":"#ff7700","nt_forester_video_m4v":"","nt_forester_video_ogv":"","nt_forester_video_webm":"","nt_forester_video_embed":""},"_links":{"self":[{"href":"https:\/\/jobufer.com\/index.php\/wp-json\/wp\/v2\/posts\/3631","targetHints":{"allow":["GET"]}}],"collection":[{"href":"https:\/\/jobufer.com\/index.php\/wp-json\/wp\/v2\/posts"}],"about":[{"href":"https:\/\/jobufer.com\/index.php\/wp-json\/wp\/v2\/types\/post"}],"author":[{"embeddable":true,"href":"https:\/\/jobufer.com\/index.php\/wp-json\/wp\/v2\/users\/1"}],"replies":[{"embeddable":true,"href":"https:\/\/jobufer.com\/index.php\/wp-json\/wp\/v2\/comments?post=3631"}],"version-history":[{"count":5,"href":"https:\/\/jobufer.com\/index.php\/wp-json\/wp\/v2\/posts\/3631\/revisions"}],"predecessor-version":[{"id":3657,"href":"https:\/\/jobufer.com\/index.php\/wp-json\/wp\/v2\/posts\/3631\/revisions\/3657"}],"wp:attachment":[{"href":"https:\/\/jobufer.com\/index.php\/wp-json\/wp\/v2\/media?parent=3631"}],"wp:term":[{"taxonomy":"category","embeddable":true,"href":"https:\/\/jobufer.com\/index.php\/wp-json\/wp\/v2\/categories?post=3631"},{"taxonomy":"post_tag","embeddable":true,"href":"https:\/\/jobufer.com\/index.php\/wp-json\/wp\/v2\/tags?post=3631"}],"curies":[{"name":"wp","href":"https:\/\/api.w.org\/{rel}","templated":true}]}}