{"id":3658,"date":"2021-11-27T11:00:10","date_gmt":"2021-11-27T11:00:10","guid":{"rendered":"https:\/\/jobufer.com\/?p=3658"},"modified":"2021-11-24T18:44:45","modified_gmt":"2021-11-24T18:44:45","slug":"el-reciclaje-y-la-reduccion-de-emisiones","status":"publish","type":"post","link":"https:\/\/jobufer.com\/index.php\/2021\/11\/27\/el-reciclaje-y-la-reduccion-de-emisiones\/","title":{"rendered":"El reciclaje y la reducci\u00f3n de emisiones"},"content":{"rendered":"<div class=\"wpb-content-wrapper\">\n<p>[vc_row css=\u00bb.vc_custom_1637779273132{margin-right: 100px !important;padding-bottom: 25px !important;}\u00bb nt_row_loop_breakpoint=\u00bb%5B%7B%7D%5D\u00bb][vc_column][vc_column_text]<\/p>\n<h3 style=\"text-align: center;\">Un nuevo informe que se publicar\u00e1 el pr\u00f3ximo mes de diciembre muestra que el logro de los objetivos de reciclaje y desviaci\u00f3n de residuos de los vertederos de la UE para 2035 resultar\u00e1 en una importante contribuci\u00f3n al Acuerdo Clim\u00e1tico de Par\u00eds.<\/h3>\n<p>[\/vc_column_text][\/vc_column][\/vc_row][vc_row css=\u00bb.vc_custom_1637779171023{margin-right: 100px !important;}\u00bb nt_row_loop_breakpoint=\u00bb%5B%7B%7D%5D\u00bb][vc_column][vc_column_text]Un estudio encargado por varias asociaciones europeas de gesti\u00f3n de residuos destaca la\u00a0<strong>relaci\u00f3n entre el aumento del reciclaje y la reducci\u00f3n de las emisiones de CO2<\/strong>\u00a0para los flujos de residuos estudiados. Seg\u00fan el informe, alcanzar el objetivo de reciclaje municipal de la UE del 65% y el l\u00edmite de vertido del 10% supondr\u00eda una reducci\u00f3n anual de alrededor de 150 millones de toneladas de CO2 equivalente en comparaci\u00f3n con 2018. Esto tiene en cuenta las emisiones evitadas de los sectores energ\u00e9tico y manufacturero que no utilizan combustibles f\u00f3siles y materiales v\u00edrgenes. El estudio destaca la importancia de seguir ascendiendo en la jerarqu\u00eda de residuos y de seguir desarrollando pol\u00edticas de econom\u00eda circular.[\/vc_column_text][vc_single_image image=\u00bb3666\u2033 img_size=\u00bbfull\u00bb alignment=\u00bbcenter\u00bb css=\u00bb.vc_custom_1637779289025{margin-top: 50px !important;margin-bottom: 50px !important;}\u00bb][vc_column_text]El ahorro de CO2 que puede lograrse mediante\u00a0<strong>el uso de materias primas recuperadas ser\u00e1 cada vez m\u00e1s importante<\/strong>\u00a0para reducir el uso de recursos y alcanzar los objetivos de protecci\u00f3n del clima. Este ahorro se complementar\u00eda con la recuperaci\u00f3n de energ\u00eda a partir de material no reciclable en instalaciones de valorizaci\u00f3n energ\u00e9tica de residuos y mediante la producci\u00f3n de combustibles derivados de residuos (CDR) para la recuperaci\u00f3n de energ\u00eda.<\/p>\n<p>As\u00ed, el estudio prev\u00e9 que el sector europeo de la gesti\u00f3n de residuos no s\u00f3lo\u00a0<strong>podr\u00eda llegar a ser neutro desde el punto de vista clim\u00e1tico<\/strong>, sino tambi\u00e9n negativo desde el punto de vista de las emisiones de carbono, contribuyendo a un medio ambiente limpio y seguro, y al desarrollo de la econom\u00eda verde europea en general.[\/vc_column_text][\/vc_column][\/vc_row][vc_row css=\u00bb.vc_custom_1637779177804{margin-right: 100px !important;padding-top: 50px !important;}\u00bb nt_row_loop_breakpoint=\u00bb%5B%7B%7D%5D\u00bb][vc_column][vc_column_text]<\/p>\n<h4>EMISIONES DE METANO<\/h4>\n<p>Es sabido que la descomposici\u00f3n de los residuos en\u00a0<strong>los vertederos genera metano<\/strong>, un gas de efecto invernadero que, seg\u00fan el Panel Intergubernamental sobre Cambio Clim\u00e1tico (IPCC), es 86 veces m\u00e1s potente que el CO2 en un periodo de 20 a\u00f1os. La UE ha lanzado recientemente el Compromiso Mundial contra el Metano para destacar la importancia de reducirlo. El an\u00e1lisis del estudio confirm\u00f3 que las mayores reducciones de CO2 se consiguen reduciendo las cantidades de flujos de residuos de materiales biog\u00e9nicos -incluidos el papel, el cart\u00f3n y los biorresiduos- enviados a los vertederos.<\/p>\n<p>En el escenario m\u00e1s ambicioso del estudio (que supone unos objetivos de reciclaje m\u00e1s elevados y el desv\u00edo de todos los residuos reciclables y valorizables del vertedero),\u00a0<strong>el ahorro de emisiones de CO2 casi se duplicar\u00eda<\/strong>\u00a0con respecto a la trayectoria actual de 2035 y se evitar\u00edan las emisiones de metano.[\/vc_column_text][\/vc_column][\/vc_row][vc_row css=\u00bb.vc_custom_1637779184886{margin-right: 100px !important;}\u00bb nt_row_loop_breakpoint=\u00bb%5B%7B%7D%5D\u00bb][vc_column width=\u00bb1\/2\u2033][vc_column_text]El sector de la gesti\u00f3n de residuos se ha comprometido a reducir las emisiones de metano e invita a todas las partes interesadas, incluidas las autoridades p\u00fablicas, los inversores y la sociedad civil, a unir sus fuerzas para completar esta transici\u00f3n en los pr\u00f3ximos 9 a 14 a\u00f1os.<\/p>\n<p>La consecuci\u00f3n del potencial de reducci\u00f3n de CO2 que se destaca en este estudio ser\u00e1 posible en toda Europa siempre y cuando se realicen\u00a0<strong>esfuerzos para incentivar a\u00fan m\u00e1s la capacidad de reciclaje<\/strong>\u00a0(incluso a trav\u00e9s del apoyo p\u00fablico a los sistemas de recogida selectiva), establecer nuevas medidas como el contenido reciclado obligatorio en los productos, y aumentar los avances en el ecodise\u00f1o y la reciclabilidad de los productos manufacturados.[\/vc_column_text][\/vc_column][vc_column width=\u00bb1\/2\u2033][vc_single_image image=\u00bb3660\u2033 img_size=\u00bbfull\u00bb][\/vc_column][\/vc_row][vc_row css=\u00bb.vc_custom_1637779191123{margin-right: 100px !important;border-top-width: 50px !important;}\u00bb nt_row_loop_breakpoint=\u00bb%5B%7B%7D%5D\u00bb][vc_column][vc_column_text]<\/p>\n<h4>GESTI\u00d3N INTEGRAL DE RESIDUOS<\/h4>\n<p>Seg\u00fan el estudio, la pol\u00edtica de la UE y la inversi\u00f3n en la taxonom\u00eda de actividades sostenibles deber\u00edan centrarse en la gesti\u00f3n integral de los residuos para apoyar esta transici\u00f3n. Igualmente, considera que\u00a0<strong>utilizar y compartir la capacidad de recuperaci\u00f3n de energ\u00eda<\/strong>\u00a0en toda Europa es clave para desviar la mayor cantidad posible de residuos del vertedero en todo el continente.<\/p>\n<p>Para alcanzar las proyecciones m\u00e1s ambiciosas de ese escenario, el estudio concluye que los objetivos en materia de residuos deben ampliarse a los\u00a0<strong>residuos industriales y comerciales<\/strong>, los objetivos de reciclado deben aumentarse y los flujos de residuos aptos para el reciclado y la recuperaci\u00f3n deben desviarse del vertido.<\/p>\n<p>El informe tambi\u00e9n reconoce que el vertedero solo se utilizar\u00eda entonces para el tratamiento de\u00a0<strong>flujos de residuos espec\u00edficos<\/strong>, como el amianto, que no son aptos para la recuperaci\u00f3n de energ\u00eda.<\/p>\n<p>El estudio ha sido realizado por Prognos y CE Delft, para las asociaciones europeas de gesti\u00f3n de residuos FEAD, CEWEP, el Grupo de la Industria del CDR y la Asociaci\u00f3n Holandesa de Gesti\u00f3n de Residuos.<\/p>\n<p>El estudio completo se publicar\u00e1 y\u00a0<strong>estar\u00e1 disponible en diciembre de 2021<\/strong>\u00a0en las p\u00e1ginas web de las asociaciones del sector.[\/vc_column_text][vc_separator border_width=\u00bb3\u2033 css=\u00bb.vc_custom_1637779481086{margin-top: 50px !important;margin-bottom: 50px !important;}\u00bb][\/vc_column][\/vc_row][vc_row][vc_column width=\u00bb1\/2\u2033][vc_column_text]Fuente: <a href=\"https:\/\/www.residuosprofesional.com\/relacion-reciclaje-reduccion-emisiones\/\">residuosprofesional<\/a>[\/vc_column_text][\/vc_column][vc_column width=\u00bb1\/2\u2033][\/vc_column][\/vc_row]<\/p>\n<\/div>","protected":false},"excerpt":{"rendered":"<p>[vc_row css=\u00bb.vc_custom_1637779273132{margin-right: 100px !important;padding-bottom: 25px !important;}\u00bb nt_row_loop_breakpoint=\u00bb%5B%7B%7D%5D\u00bb][vc_column][vc_column_text] Un nuevo informe que se publicar\u00e1 el pr\u00f3ximo mes de diciembre muestra que el logro de los objetivos de reciclaje y desviaci\u00f3n de residuos de los vertederos de la UE para 2035 resultar\u00e1 en una importante contribuci\u00f3n al Acuerdo Clim\u00e1tico de Par\u00eds. [\/vc_column_text][\/vc_column][\/vc_row][vc_row css=\u00bb.vc_custom_1637779171023{margin-right: 100px !important;}\u00bb nt_row_loop_breakpoint=\u00bb%5B%7B%7D%5D\u00bb][vc_column][vc_column_text]Un estudio [&hellip;]<\/p>\n","protected":false},"author":1,"featured_media":0,"comment_status":"closed","ping_status":"closed","sticky":false,"template":"","format":"standard","meta":{"rop_custom_images_group":[],"rop_custom_messages_group":[],"rop_publish_now":"initial","rop_publish_now_accounts":{"facebook_391207609099785_107747471705101":"","twitter_1455864053738483718_1455864053738483718":""},"rop_publish_now_history":[],"rop_publish_now_status":"pending","footnotes":""},"categories":[1],"tags":[],"class_list":["post-3658","post","type-post","status-publish","format-standard","hentry","category-uncategorized"],"jetpack_featured_media_url":"","meta_box":{"nt_forester_gallery_image":[],"nt_forester_quote_text":"","nt_forester_quote_author":"","nt_forester_quote_bg":"","nt_forester_quote_bg_opacity":"80","nt_forester_audio_mp3":"","nt_forester_audio_ogg":"","nt_forester_audio_sc":"","nt_forester_audio_sc_color":"#ff7700","nt_forester_video_m4v":"","nt_forester_video_ogv":"","nt_forester_video_webm":"","nt_forester_video_embed":""},"_links":{"self":[{"href":"https:\/\/jobufer.com\/index.php\/wp-json\/wp\/v2\/posts\/3658","targetHints":{"allow":["GET"]}}],"collection":[{"href":"https:\/\/jobufer.com\/index.php\/wp-json\/wp\/v2\/posts"}],"about":[{"href":"https:\/\/jobufer.com\/index.php\/wp-json\/wp\/v2\/types\/post"}],"author":[{"embeddable":true,"href":"https:\/\/jobufer.com\/index.php\/wp-json\/wp\/v2\/users\/1"}],"replies":[{"embeddable":true,"href":"https:\/\/jobufer.com\/index.php\/wp-json\/wp\/v2\/comments?post=3658"}],"version-history":[{"count":9,"href":"https:\/\/jobufer.com\/index.php\/wp-json\/wp\/v2\/posts\/3658\/revisions"}],"predecessor-version":[{"id":3670,"href":"https:\/\/jobufer.com\/index.php\/wp-json\/wp\/v2\/posts\/3658\/revisions\/3670"}],"wp:attachment":[{"href":"https:\/\/jobufer.com\/index.php\/wp-json\/wp\/v2\/media?parent=3658"}],"wp:term":[{"taxonomy":"category","embeddable":true,"href":"https:\/\/jobufer.com\/index.php\/wp-json\/wp\/v2\/categories?post=3658"},{"taxonomy":"post_tag","embeddable":true,"href":"https:\/\/jobufer.com\/index.php\/wp-json\/wp\/v2\/tags?post=3658"}],"curies":[{"name":"wp","href":"https:\/\/api.w.org\/{rel}","templated":true}]}}