{"id":3672,"date":"2021-12-10T11:00:15","date_gmt":"2021-12-10T11:00:15","guid":{"rendered":"https:\/\/jobufer.com\/?p=3672"},"modified":"2021-12-02T18:28:57","modified_gmt":"2021-12-02T18:28:57","slug":"espana-se-desmarca-del-impulso-de-macron-a-las-nucleares","status":"publish","type":"post","link":"https:\/\/jobufer.com\/index.php\/2021\/12\/10\/espana-se-desmarca-del-impulso-de-macron-a-las-nucleares\/","title":{"rendered":"Espa\u00f1a se desmarca del impulso de Macron a las nucleares"},"content":{"rendered":"<div class=\"wpb-content-wrapper\">\n<p>[vc_row css=\u00bb.vc_custom_1638469497515{margin-right: 100px !important;}\u00bb nt_row_loop_breakpoint=\u00bb%5B%7B%7D%5D\u00bb][vc_column][vc_column_text css=\u00bb.vc_custom_1638469526383{padding-bottom: 50px !important;}\u00bb]<\/p>\n<h2 id=\"H1_js_618bc436fdddff97a38b45fc\" class=\"ue-c-article__headline js-headline\" style=\"text-align: center;\">Espa\u00f1a se desmarca del impulso de Macron a las nucleares \u00abHabr\u00e1 un cierre escalonado que respalda mayoritariamente la sociedad\u00bb<\/h2>\n<p>[\/vc_column_text][vc_column_text css=\u00bb.vc_custom_1638469545770{padding-bottom: 50px !important;}\u00bb]Espa\u00f1a se desmarca del anuncio realizado por el presidente franc\u00e9s,\u00a0<strong>Emmanuel Macron<\/strong>, para dar un\u00a0<a href=\"https:\/\/www.elmundo.es\/internacional\/2021\/11\/09\/618acb06fdddff9b148b4592.html\">nuevo impulso a la energ\u00eda nuclear<\/a>\u00a0dentro de la estrategia de descarbonizaci\u00f3n que persigue la Uni\u00f3n Europea. Fuentes del Ministerio de Transici\u00f3n Ecol\u00f3gica que dirige la vicepresidenta\u00a0<strong>Teresa Ribera<\/strong>\u00a0aseguran a EL MUNDO que la iniciativa de Francia \u00abresponde a sus propias estrategias nacionales y soberanas de pol\u00edtica energ\u00e9tica\u00bb pero no tiene nada que ver con el caso espa\u00f1ol.[\/vc_column_text][vc_single_image image=\u00bb3673\u2033 img_size=\u00bbfull\u00bb alignment=\u00bbcenter\u00bb][vc_column_text css=\u00bb.vc_custom_1638469563059{padding-bottom: 50px !important;}\u00bb]<\/p>\n<p style=\"text-align: center;\">Fuentes del Ministerio de Transici\u00f3n Ecol\u00f3gica aseguran que el anuncio de Francia responde a sus propios intereses.<\/p>\n<p>[\/vc_column_text][vc_column_text]Aqu\u00ed el cierre de las nucleares est\u00e1 contemplado en el\u00a0<strong>Plan Nacional Integrado de Energ\u00eda y Clima<\/strong>\u00a0aprobado por el Gobierno como gu\u00eda para lograr reducir a cero las emisiones contaminantes del pa\u00eds en 2050. \u00abEl PNIEC contempla un cierre gradual y escalonado de las centrales nucleares espa\u00f1olas, acorde con el pacto alcanzado con las compa\u00f1\u00edas el\u00e9ctricas, que prev\u00e9 la clausura de estas instalaciones entre 2027 y 2035. Nada ha cambiado con relaci\u00f3n a este compromiso\u00bb, explican en el ministerio.<\/p>\n<div id=\"cx_75f72b410942e1dabbcb0ca884067415725dff07_1\" data-ue-id=\"cx_75f72b410942e1dabbcb0ca884067415725dff07\"><\/div>\n<p>\u00abEspa\u00f1a apuesta por conseguir un\u00a0<strong>sistema el\u00e9ctrico 100% renovable,<\/strong>\u00a0prescindiendo del resto de tecnolog\u00edas. La retirada del parque nuclear, como ya est\u00e1 sucediendo con el de carb\u00f3n, se compensar\u00e1 con el aumento de la generaci\u00f3n renovable y del desarrollo a gran escala del almacenamiento y de la gesti\u00f3n de la demanda\u00bb, se\u00f1alan fuentes pr\u00f3ximas a Ribera, que aseguran que esta estrategia \u00abes respaldada muy mayoritariamente por el conjunto de la sociedad\u00bb.<\/p>\n<p>Macron anunci\u00f3 este martes que el pa\u00eds vecino volver\u00eda a construir reactores nucleares d\u00e9cadas despu\u00e9s para complementar la instalaci\u00f3n de energ\u00edas renovables y cumplir con los objetivos clim\u00e1ticos comprometidos con Bruselas. En octubre ya anunci\u00f3 la inversi\u00f3n de 1.000 millones de euros en peque\u00f1os reactores nucleares modulares, en su plan para reindustrializar Francia para 2030 y descarbonizar su econom\u00eda.[\/vc_column_text][vc_separator border_width=\u00bb5\u2033 css=\u00bb.vc_custom_1638469578533{padding-top: 50px !important;padding-bottom: 50px !important;}\u00bb][\/vc_column][\/vc_row][vc_row][vc_column width=\u00bb1\/2\u2033][vc_column_text]Fuente: <a href=\"https:\/\/www.elmundo.es\/ciencia-y-salud\/medio-ambiente\/2021\/11\/10\/618bc436fdddff97a38b45fc.html\">El Mundo<\/a>[\/vc_column_text][\/vc_column][vc_column width=\u00bb1\/2\u2033][\/vc_column][\/vc_row]<\/p>\n<\/div>","protected":false},"excerpt":{"rendered":"<p>[vc_row css=\u00bb.vc_custom_1638469497515{margin-right: 100px !important;}\u00bb nt_row_loop_breakpoint=\u00bb%5B%7B%7D%5D\u00bb][vc_column][vc_column_text css=\u00bb.vc_custom_1638469526383{padding-bottom: 50px !important;}\u00bb] Espa\u00f1a se desmarca del impulso de Macron a las nucleares \u00abHabr\u00e1 un cierre escalonado que respalda mayoritariamente la sociedad\u00bb [\/vc_column_text][vc_column_text css=\u00bb.vc_custom_1638469545770{padding-bottom: 50px !important;}\u00bb]Espa\u00f1a se desmarca del anuncio realizado por el presidente franc\u00e9s,\u00a0Emmanuel Macron, para dar un\u00a0nuevo impulso a la energ\u00eda nuclear\u00a0dentro de la estrategia de descarbonizaci\u00f3n que [&hellip;]<\/p>\n","protected":false},"author":1,"featured_media":0,"comment_status":"closed","ping_status":"closed","sticky":false,"template":"","format":"standard","meta":{"rop_custom_images_group":[],"rop_custom_messages_group":[],"rop_publish_now":"initial","rop_publish_now_accounts":{"facebook_391207609099785_107747471705101":"","twitter_1455864053738483718_1455864053738483718":""},"rop_publish_now_history":[],"rop_publish_now_status":"pending","footnotes":""},"categories":[1],"tags":[],"class_list":["post-3672","post","type-post","status-publish","format-standard","hentry","category-uncategorized"],"jetpack_featured_media_url":"","meta_box":{"nt_forester_gallery_image":[],"nt_forester_quote_text":"","nt_forester_quote_author":"","nt_forester_quote_bg":"","nt_forester_quote_bg_opacity":"80","nt_forester_audio_mp3":"","nt_forester_audio_ogg":"","nt_forester_audio_sc":"","nt_forester_audio_sc_color":"#ff7700","nt_forester_video_m4v":"","nt_forester_video_ogv":"","nt_forester_video_webm":"","nt_forester_video_embed":""},"_links":{"self":[{"href":"https:\/\/jobufer.com\/index.php\/wp-json\/wp\/v2\/posts\/3672","targetHints":{"allow":["GET"]}}],"collection":[{"href":"https:\/\/jobufer.com\/index.php\/wp-json\/wp\/v2\/posts"}],"about":[{"href":"https:\/\/jobufer.com\/index.php\/wp-json\/wp\/v2\/types\/post"}],"author":[{"embeddable":true,"href":"https:\/\/jobufer.com\/index.php\/wp-json\/wp\/v2\/users\/1"}],"replies":[{"embeddable":true,"href":"https:\/\/jobufer.com\/index.php\/wp-json\/wp\/v2\/comments?post=3672"}],"version-history":[{"count":4,"href":"https:\/\/jobufer.com\/index.php\/wp-json\/wp\/v2\/posts\/3672\/revisions"}],"predecessor-version":[{"id":3677,"href":"https:\/\/jobufer.com\/index.php\/wp-json\/wp\/v2\/posts\/3672\/revisions\/3677"}],"wp:attachment":[{"href":"https:\/\/jobufer.com\/index.php\/wp-json\/wp\/v2\/media?parent=3672"}],"wp:term":[{"taxonomy":"category","embeddable":true,"href":"https:\/\/jobufer.com\/index.php\/wp-json\/wp\/v2\/categories?post=3672"},{"taxonomy":"post_tag","embeddable":true,"href":"https:\/\/jobufer.com\/index.php\/wp-json\/wp\/v2\/tags?post=3672"}],"curies":[{"name":"wp","href":"https:\/\/api.w.org\/{rel}","templated":true}]}}