{"id":3931,"date":"2022-07-07T13:00:42","date_gmt":"2022-07-07T13:00:42","guid":{"rendered":"https:\/\/jobufer.com\/?p=3931"},"modified":"2022-07-07T10:31:39","modified_gmt":"2022-07-07T10:31:39","slug":"falta-de-unidad-en-la-regulacion","status":"publish","type":"post","link":"https:\/\/jobufer.com\/index.php\/2022\/07\/07\/falta-de-unidad-en-la-regulacion\/","title":{"rendered":"Falta de unidad en la regulaci\u00f3n"},"content":{"rendered":"<div class=\"wpb-content-wrapper\">\n<p>[vc_row css=\u00bb.vc_custom_1657183393618{margin-right: 50px !important;}\u00bb nt_row_loop_breakpoint=\u00bb%5B%7B%7D%5D\u00bb][vc_column][vc_column_text css=\u00bb.vc_custom_1657183114642{margin-bottom: 50px !important;}\u00bb]<\/p>\n<h1 class=\"landscapePhotoFull__title\" style=\"text-align: center;\">La falta de unidad en la regulaci\u00f3n, entre las principales barreras de la econom\u00eda circular<\/h1>\n<p>[\/vc_column_text][vc_column_text]<\/p>\n<h3 class=\"landscapePhotoFull__subTitle\" style=\"text-align: center;\">Las compa\u00f1\u00edas espa\u00f1olas est\u00e1n priorizando cada vez con m\u00e1s frecuencia las pr\u00e1cticas circulares, lo que tambi\u00e9n ha servido para identificar una serie de carencias que dificultan el proceso de transformaci\u00f3n<\/h3>\n<p>[\/vc_column_text][\/vc_column][\/vc_row][vc_row css=\u00bb.vc_custom_1657183401973{margin-right: 50px !important;}\u00bb nt_row_loop_breakpoint=\u00bb%5B%7B%7D%5D\u00bb][vc_column][vc_single_image image=\u00bb3934\u2033 img_size=\u00bblarge\u00bb alignment=\u00bbcenter\u00bb css=\u00bb.vc_custom_1657183448850{margin-top: 50px !important;margin-bottom: 50px !important;}\u00bb][\/vc_column][\/vc_row][vc_row css=\u00bb.vc_custom_1657183410346{margin-right: 50px !important;}\u00bb nt_row_loop_breakpoint=\u00bb%5B%7B%7D%5D\u00bb][vc_column width=\u00bb1\/2\u2033][vc_column_text]Las pr\u00e1cticas sostenibles comienzan a ser frecuentes entre las empresas de nuestro pa\u00eds y a ser consideradas como\u00a0<strong>una gran oportunidad<\/strong>. Sin embargo, para cerrar el ciclo productivo y de consumo y, de esta forma, poder\u00a0<strong>abandonar el concepto de residuo<\/strong>, todav\u00eda existen importantes h\u00e1ndicaps empresariales externos e internos que han de ser superados. M\u00e1s all\u00e1 de las tres erres cl\u00e1sicas de\u00a0<strong>\u2018reducir, reutilizar y reciclar\u2019<\/strong>, toda la cadena de valor de los diferentes sectores y actividades debe incorporarse a la econom\u00eda circular. Ante un proceso tan complejo, cabe preguntarse c\u00f3mo ha evolucionado esta transici\u00f3n en los \u00faltimos a\u00f1os o qu\u00e9 factores est\u00e1n limitando el\u00a0<strong>cambio cultural\u00a0<\/strong>dentro de las organizaciones. Al mismo tiempo, es importante conocer las\u00a0<strong>principales demandas<\/strong>\u00a0de las compa\u00f1\u00edas para lograr un objetivo tan ambicioso.[\/vc_column_text][\/vc_column][vc_column width=\u00bb1\/2\u2033][vc_column_text]Las pr\u00e1cticas sostenibles comienzan a ser frecuentes entre las empresas de nuestro pa\u00eds y a ser consideradas como\u00a0<strong>una gran oportunidad<\/strong>. Sin embargo, para cerrar el ciclo productivo y de consumo y, de esta forma, poder\u00a0<strong>abandonar el concepto de residuo<\/strong>, todav\u00eda existen importantes h\u00e1ndicaps empresariales externos e internos que han de ser superados. M\u00e1s all\u00e1 de las tres erres cl\u00e1sicas de\u00a0<strong>\u2018reducir, reutilizar y reciclar\u2019<\/strong>, toda la cadena de valor de los diferentes sectores y actividades debe incorporarse a la econom\u00eda circular. Ante un proceso tan complejo, cabe preguntarse c\u00f3mo ha evolucionado esta transici\u00f3n en los \u00faltimos a\u00f1os o qu\u00e9 factores est\u00e1n limitando el\u00a0<strong>cambio cultural\u00a0<\/strong>dentro de las organizaciones. Al mismo tiempo, es importante conocer las\u00a0<strong>principales demandas<\/strong>\u00a0de las compa\u00f1\u00edas para lograr un objetivo tan ambicioso.[\/vc_column_text][\/vc_column][\/vc_row][vc_row css=\u00bb.vc_custom_1657183415478{margin-right: 50px !important;}\u00bb nt_row_loop_breakpoint=\u00bb%5B%7B%7D%5D\u00bb][vc_column][vc_column_text css=\u00bb.vc_custom_1657183108474{margin-top: 50px !important;margin-bottom: 50px !important;}\u00bb]<\/p>\n<h3>\u00abNo existe una regulaci\u00f3n \u00fanica, sino que los marcos de actuaci\u00f3n son regionales, lo que dificulta la adopci\u00f3n de medidas sostenibles\u00bb<\/h3>\n<p>[\/vc_column_text][vc_column_text]Seg\u00fan\u00a0<a href=\"https:\/\/www.accenture.com\/es-es\/insights\/consulting\/estudio-economia-circular\" target=\"_blank\" rel=\"nofollow noopener\">un estudio reciente de Accenture<\/a>\u00a0sobre el estado de la econom\u00eda circular en Espa\u00f1a, las organizaciones de nuestro pa\u00eds tienen ante s\u00ed una oportunidad sin precedentes, pero se enfrentan a\u00a0<strong>diferentes barreras internas y externas<\/strong>\u00a0que todav\u00eda impiden el cambio de modelo. Para conocer d\u00f3nde est\u00e1n los puntos de bloqueo, el representante de la consultora precis\u00f3 durante su primera intervenci\u00f3n que, entre las limitaciones del primer tipo, se encuentran factores como \u201clas estrategias de negocio\u00a0<strong>cortoplacistas<\/strong>, la falta de organizaci\u00f3n transversal o la ausencia de formaci\u00f3n en la materia\u201d. Julio Juan tambi\u00e9n se detuvo para analizar los obst\u00e1culos que entorpecen a las empresas desde el exterior, entre los que destac\u00f3 \u201clos factores tecnol\u00f3gicos, la cadena de suministros, el entorno competitivo y la\u00a0<strong>falta de incentivos fiscales\u00a0<\/strong>y claridad por parte de la Administraci\u00f3n p\u00fablica\u201d.<\/p>\n<p>\u00a0<\/p>\n<p>Precisamente,\u00a0<strong>el papel del regulador<\/strong>\u00a0fue un tema recurrente durante el desarrollo de la mesa redonda. Teresa Parejo concret\u00f3 que, en el caso de Iberia, \u201cestamos trabajando intensamente para reducir los residuos a bordo, pero nos topamos con la diferencia de normativas entre Estados Unidos y Europa, lo que limita que podamos avanzar r\u00e1pidamente hacia la econom\u00eda circular\u201d. Con ella coincidi\u00f3 Beatriz Herrera, quien detall\u00f3 que en Espa\u00f1a \u201c<strong>no existe una regulaci\u00f3n \u00fanica<\/strong>, sino que los marcos de actuaci\u00f3n son regionales\u201d. \u201cEsto complica mucho la adopci\u00f3n de medidas sostenibles por parte de las empresas\u201d, continu\u00f3 la directora de Sostenibilidad de Mahou-San Miguel, aunque reconoci\u00f3 que \u201cla regulaci\u00f3n ayuda y acelera el proceso cuando no existen diferencias entre \u00e1reas geogr\u00e1ficas\u201d.[\/vc_column_text][\/vc_column][\/vc_row][vc_row css=\u00bb.vc_custom_1657183420322{margin-right: 50px !important;}\u00bb nt_row_loop_breakpoint=\u00bb%5B%7B%7D%5D\u00bb][vc_column][vc_single_image image=\u00bb3936\u2033 img_size=\u00bblarge\u00bb alignment=\u00bbcenter\u00bb css=\u00bb.vc_custom_1657183464722{margin-top: 50px !important;}\u00bb][vc_column_text css=\u00bb.vc_custom_1657183098538{margin-top: 50px !important;}\u00bb]Por su parte, Fernando Ruiz, al igual que sus contertulios, valor\u00f3 \u201cpositivamente\u201d toda regulaci\u00f3n que impulse la econom\u00eda circular: \u201cLo celebramos y le damos la bienvenida, pese a que ser\u00eda interesante que fuera\u00a0<strong>m\u00e1s flexible<\/strong>\u00a0en algunos aspectos\u201d, puntualiz\u00f3. En una l\u00ednea coincidente con sus compa\u00f1eros de mesa, Francisco N\u00fa\u00f1ez se\u00f1al\u00f3 que \u201csi bien la regulaci\u00f3n es positiva porque persigue el objetivo de la sostenibilidad, el problema es la\u00a0<strong>multirregulaci\u00f3n<\/strong>: m\u00e1s all\u00e1 de que existan diferentes marcos normativos dentro de un mismo pa\u00eds, a veces son incluso contradictorios unos con otros\u201d. Para concretar sus palabras, el director de Medio Ambiente de El Corte Ingl\u00e9s puso como ejemplo \u201cel acceso a la financiaci\u00f3n de los Perte [<a href=\"https:\/\/planderecuperacion.gob.es\/como-acceder-a-los-fondos\/pertes\" target=\"_blank\" rel=\"nofollow noopener\">Proyectos Estrat\u00e9gicos para la Recuperaci\u00f3n y Transformaci\u00f3n Econ\u00f3mica<\/a>]\u201d, ya que \u201cen cada comunidad aut\u00f3noma y en cada provincia se tramitan\u00a0<strong>de una<\/strong>\u00a0<strong>forma distinta<\/strong>\u00a0y esto lo complica todo\u201d, matiz\u00f3.[\/vc_column_text][vc_column_text css=\u00bb.vc_custom_1657183143339{margin-top: 50px !important;margin-bottom: 50px !important;}\u00bb]<\/p>\n<h2 class=\"bodyTitle\">La sinergia y la colaboraci\u00f3n, el camino<\/h2>\n<p>[\/vc_column_text][\/vc_column][\/vc_row][vc_row css=\u00bb.vc_custom_1657183425981{margin-right: 50px !important;}\u00bb nt_row_loop_breakpoint=\u00bb%5B%7B%7D%5D\u00bb][vc_column width=\u00bb1\/2\u2033][vc_column_text]Pese a los diferentes h\u00e1ndicaps, \u201clas empresas espa\u00f1olas est\u00e1n absolutamente<strong>\u00a0comprometidas con la econom\u00eda circular\u00a0<\/strong>y conocen la oportunidad que se les presenta\u201d, asegur\u00f3 Julio Juan. Y admiti\u00f3 que \u201cestamos en un contexto \u00fanico, gracias a las ayudas de la Uni\u00f3n Europea y los fondos Next Generation, para poder construir una\u00a0<strong>industria verde y digital<\/strong>\u00a0en consonancia con las estrategias de las compa\u00f1\u00edas\u201d.[\/vc_column_text][\/vc_column][vc_column width=\u00bb1\/2\u2033][vc_single_image image=\u00bb3937\u2033 img_size=\u00bbfull\u00bb alignment=\u00bbright\u00bb][\/vc_column][\/vc_row][vc_row css=\u00bb.vc_custom_1657183431275{margin-right: 50px !important;}\u00bb nt_row_loop_breakpoint=\u00bb%5B%7B%7D%5D\u00bb][vc_column][vc_column_text]Para Beatriz Herrera, \u201cel proceso de transformaci\u00f3n requiere\u00a0<strong>un cambio profundo<\/strong>\u00a0en muy poco espacio de tiempo\u201d, lo que exige \u201cmodificar la cultura interna porque, de hecho, supone una aut\u00e9ntica revoluci\u00f3n de todo el modelo de negocio\u201d. Al mismo tiempo, esta transici\u00f3n demanda \u201csinergia y colaboraci\u00f3n\u201d, seg\u00fan reclam\u00f3 la portavoz de Mahou-San Miguel. En relaci\u00f3n con este \u00faltimo aspecto, el director de Sostenibilidad de Repsol coincidi\u00f3 con su compa\u00f1era de tertulia y remarc\u00f3 que \u201cel verdadero reto es encontrar esas oportunidades que surgen en las empresas por dos v\u00edas:<strong>\u00a0internegocio e intracompa\u00f1\u00eda<\/strong>\u201d y reclam\u00f3 \u201cm\u00e1s foros que permitan intercambiar ideas entre organizaciones para poner en marcha la cooperaci\u00f3n\u201d.<\/p>\n<p>Finalmente, en opini\u00f3n de Francisco N\u00fa\u00f1ez, \u201cpara que toda la cadena de valor se comprometa con la econom\u00eda circular, precisamos la ayuda de todos los\u00a0<strong>socios y proveedores<\/strong>\u201d. Para ilustrar esta necesidad, el director de Medio Ambiente de El Corte Ingl\u00e9s explic\u00f3 que \u201cpara cerrar el ciclo, necesitamos\u00a0<strong>valorizadores\u00a0<\/strong>que participen en el proceso, adem\u00e1s de esfuerzo por parte de todos los actores implicados y un aumento considerable en la\u00a0<strong>inversi\u00f3n<\/strong>\u201d. Por su parte, a modo de cierre, Teresa Parejo resumi\u00f3 la situaci\u00f3n en materia de sostenibilidad, considerando que \u201cactualmente es muy complicado que las empresas practiquen el \u2018greenwashing\u201d, ya que \u201ccada vez hay\u00a0<strong>m\u00e1s ojos<\/strong>\u00a0escrutando nuestras acciones. El cliente, quien tambi\u00e9n debe asimilar su cuota de\u00a0<strong>responsabilidad<\/strong>, es un observador implacable y exige que se avance con determinaci\u00f3n hacia la econom\u00eda circular\u201d, subray\u00f3.[\/vc_column_text][vc_separator border_width=\u00bb5\u2033 css=\u00bb.vc_custom_1657183287801{margin-top: 50px !important;margin-bottom: 50px !important;}\u00bb][\/vc_column][\/vc_row][vc_row css=\u00bb.vc_custom_1657183436812{margin-right: 50px !important;}\u00bb nt_row_loop_breakpoint=\u00bb%5B%7B%7D%5D\u00bb][vc_column width=\u00bb1\/2\u2033][vc_column_text]Fuente: <a href=\"https:\/\/www.elconfidencial.com\/medioambiente\/2022-05-20\/economia-circular-sostenibilidad-bra_3427197\/\">El Confidencial<\/a>[\/vc_column_text][\/vc_column][vc_column width=\u00bb1\/2\u2033][\/vc_column][\/vc_row]<\/p>\n<\/div>","protected":false},"excerpt":{"rendered":"<p>[vc_row css=\u00bb.vc_custom_1657183393618{margin-right: 50px !important;}\u00bb nt_row_loop_breakpoint=\u00bb%5B%7B%7D%5D\u00bb][vc_column][vc_column_text css=\u00bb.vc_custom_1657183114642{margin-bottom: 50px !important;}\u00bb] La falta de unidad en la regulaci\u00f3n, entre las principales barreras de la econom\u00eda circular [\/vc_column_text][vc_column_text] Las compa\u00f1\u00edas espa\u00f1olas est\u00e1n priorizando cada vez con m\u00e1s frecuencia las pr\u00e1cticas circulares, lo que tambi\u00e9n ha servido para identificar una serie de carencias que dificultan el proceso de transformaci\u00f3n [\/vc_column_text][\/vc_column][\/vc_row][vc_row [&hellip;]<\/p>\n","protected":false},"author":1,"featured_media":0,"comment_status":"closed","ping_status":"closed","sticky":false,"template":"","format":"standard","meta":{"rop_custom_images_group":[],"rop_custom_messages_group":[],"rop_publish_now":"initial","rop_publish_now_accounts":{"facebook_391207609099785_107747471705101":"","twitter_1455864053738483718_1455864053738483718":""},"rop_publish_now_history":[],"rop_publish_now_status":"pending","footnotes":""},"categories":[1],"tags":[],"class_list":["post-3931","post","type-post","status-publish","format-standard","hentry","category-uncategorized"],"jetpack_featured_media_url":"","meta_box":{"nt_forester_gallery_image":[],"nt_forester_quote_text":"","nt_forester_quote_author":"","nt_forester_quote_bg":"","nt_forester_quote_bg_opacity":"80","nt_forester_audio_mp3":"","nt_forester_audio_ogg":"","nt_forester_audio_sc":"","nt_forester_audio_sc_color":"#ff7700","nt_forester_video_m4v":"","nt_forester_video_ogv":"","nt_forester_video_webm":"","nt_forester_video_embed":""},"_links":{"self":[{"href":"https:\/\/jobufer.com\/index.php\/wp-json\/wp\/v2\/posts\/3931","targetHints":{"allow":["GET"]}}],"collection":[{"href":"https:\/\/jobufer.com\/index.php\/wp-json\/wp\/v2\/posts"}],"about":[{"href":"https:\/\/jobufer.com\/index.php\/wp-json\/wp\/v2\/types\/post"}],"author":[{"embeddable":true,"href":"https:\/\/jobufer.com\/index.php\/wp-json\/wp\/v2\/users\/1"}],"replies":[{"embeddable":true,"href":"https:\/\/jobufer.com\/index.php\/wp-json\/wp\/v2\/comments?post=3931"}],"version-history":[{"count":5,"href":"https:\/\/jobufer.com\/index.php\/wp-json\/wp\/v2\/posts\/3931\/revisions"}],"predecessor-version":[{"id":3933,"href":"https:\/\/jobufer.com\/index.php\/wp-json\/wp\/v2\/posts\/3931\/revisions\/3933"}],"wp:attachment":[{"href":"https:\/\/jobufer.com\/index.php\/wp-json\/wp\/v2\/media?parent=3931"}],"wp:term":[{"taxonomy":"category","embeddable":true,"href":"https:\/\/jobufer.com\/index.php\/wp-json\/wp\/v2\/categories?post=3931"},{"taxonomy":"post_tag","embeddable":true,"href":"https:\/\/jobufer.com\/index.php\/wp-json\/wp\/v2\/tags?post=3931"}],"curies":[{"name":"wp","href":"https:\/\/api.w.org\/{rel}","templated":true}]}}