{"id":3940,"date":"2022-07-17T11:00:42","date_gmt":"2022-07-17T11:00:42","guid":{"rendered":"https:\/\/jobufer.com\/?p=3940"},"modified":"2022-07-07T09:11:58","modified_gmt":"2022-07-07T09:11:58","slug":"prohibicion-del-motor-de-combustion-y-la-movilidad-asequible","status":"publish","type":"post","link":"https:\/\/jobufer.com\/index.php\/2022\/07\/17\/prohibicion-del-motor-de-combustion-y-la-movilidad-asequible\/","title":{"rendered":"Prohibici\u00f3n del motor de combusti\u00f3n y la movilidad asequible"},"content":{"rendered":"<div class=\"wpb-content-wrapper\">\n<p>[vc_row css=\u00bb.vc_custom_1657183728203{margin-right: 50px !important;}\u00bb nt_row_loop_breakpoint=\u00bb%5B%7B%7D%5D\u00bb][vc_column][vc_column_text]<\/p>\n<h1 class=\"w-blogpost-title entry-title\" style=\"text-align: center;\">Prohibir el motor de combusti\u00f3n reducir\u00e1 el derecho de los consumidores m\u00e1s vulnerables a una movilidad asequible<\/h1>\n<p>[\/vc_column_text][vc_single_image image=\u00bb3943\u2033 img_size=\u00bbfull\u00bb alignment=\u00bbcenter\u00bb css=\u00bb.vc_custom_1657183904610{margin-top: 50px !important;margin-bottom: 50px !important;}\u00bb][\/vc_column][\/vc_row][vc_row css=\u00bb.vc_custom_1657183728203{margin-right: 50px !important;}\u00bb nt_row_loop_breakpoint=\u00bb%5B%7B%7D%5D\u00bb][vc_column width=\u00bb1\/2\u2033][vc_column_text]\u25cf Asociaciones vinculadas al transporte y la movilidad advierten de que, si se proh\u00edbe<br>\nel motor de combusti\u00f3n, las clases medias y bajas ver\u00edan mermado su derecho a la<br>\nmovilidad asequible y se obstaculizar\u00eda la movilidad y el abastecimiento energ\u00e9tico<br>\ny de mercanc\u00edas en la Espa\u00f1a rural y vaciada.<br>\n\u25cf Esta prohibici\u00f3n, adem\u00e1s, no reducir\u00eda las emisiones, sino que retrasa la<br>\ndescarbonizaci\u00f3n del transporte ligero (turismos y furgonetas) al apostar todo a la<br>\nrenovaci\u00f3n del parque para electrificarlo.[\/vc_column_text][\/vc_column][vc_column width=\u00bb1\/2\u2033][vc_column_text]\u25cf La propuesta de reglamento \u00fanicamente tiene en cuenta las emisiones del tubo de<br>\nescape de los veh\u00edculos (\u201cdel tanque a la rueda\u201d). Para recoger la contribuci\u00f3n real<br>\nde cada tecnolog\u00eda a la protecci\u00f3n del clima es necesario abordar un planteamiento<br>\n\u201cdel pozo a la rueda\u201d y, mejor a\u00fan, tener en cuenta todas las emisiones del ciclo de<br>\nvida del veh\u00edculo.[\/vc_column_text][\/vc_column][\/vc_row][vc_row css=\u00bb.vc_custom_1657183728203{margin-right: 50px !important;}\u00bb nt_row_loop_breakpoint=\u00bb%5B%7B%7D%5D\u00bb][vc_column][vc_column_text]<\/p>\n<p style=\"text-align: left;\">Madrid, 23 de junio de 2022. El Consejo Europeo decidir\u00e1 el d\u00eda 28 de junio si la propuesta de la Comisi\u00f3n Europea del Reglamento de est\u00e1ndares de emisiones de CO2 de veh\u00edculos ligeros (turismos y furgonetas), incluida en el paquete legislativo Fit For 55, sale adelante. Ante la trascendencia de esta decisi\u00f3n, que implica de facto la prohibici\u00f3n de la venta del motor de combusti\u00f3n a partir de 2035, 16 asociaciones advierten al Gobierno de que votar a favor de esta propuesta es votar contra los intereses de Espa\u00f1a.<\/p>\n<p style=\"text-align: left;\">Las asociaciones firmantes \u2013 AEVECAR, ANCERA, AOP, APPA BIOCARBURANTES, ASTIC, ATliq, Bio-E, CEEES, CETM, CODIGASOIL, CONFEBUS, EWABA Espa\u00f1a, FACONAUTO, SERNAUTO, UNO y UPI \u2013 anuncian que las consecuencias sociales y econ\u00f3micas de esta medida afectar\u00e1n, especialmente, a la poblaci\u00f3n m\u00e1s vulnerable y las rentas m\u00e1s bajas, as\u00ed como a la ciudadan\u00eda de las zonas m\u00e1s despobladas y menos comunicadas.<\/p>\n<p>[\/vc_column_text][vc_column_text]<\/p>\n<p style=\"text-align: left;\">En primer lugar, las infraestructuras espa\u00f1olas no est\u00e1n preparadas para la electrificaci\u00f3n total del parque m\u00f3vil. Asimismo, el territorio espa\u00f1ol es uno de los m\u00e1s extensos de la Uni\u00f3n y, por tanto, uno de los m\u00e1s complicados de vertebrar.<br>\nApostar \u00fanicamente por la electrificaci\u00f3n va a generar zonas de sombra en la Espa\u00f1a rural y vaciada. Habr\u00e1, por tanto, parte de la ciudadan\u00eda que no pueda recargar el veh\u00edculo porque tendr\u00e1 menos acceso a puntos de recarga. De nuevo, se producir\u00e1 un agravio comparativo entre la poblaci\u00f3n urbana y la rural, quedando esta \u00faltima desprovista de una fuente energ\u00e9tica fundamental en su d\u00eda a d\u00eda.<br>\nPor otra parte, se est\u00e1 ignorando que en las zonas m\u00e1s despobladas se necesita una mayor autonom\u00eda en el autom\u00f3vil para recorrer largas distancias sin necesidad de repostar, a diferencia de los trayectos urbanos.<br>\nTambi\u00e9n se obvia que la maquinaria y el transporte de agricultores y pescadores, as\u00ed como el transporte pesado de mercanc\u00edas, funciona con combustible l\u00edquido, por lo que se dificultar\u00eda el desarrollo de la actividad, su rentabilidad y el empleo que sostienen.<\/p>\n<p>[\/vc_column_text][vc_single_image image=\u00bb3947\u2033 img_size=\u00bblarge\u00bb alignment=\u00bbcenter\u00bb css=\u00bb.vc_custom_1657184872481{margin-top: 50px !important;margin-bottom: 50px !important;}\u00bb][\/vc_column][\/vc_row][vc_row css=\u00bb.vc_custom_1657183728203{margin-right: 50px !important;}\u00bb nt_row_loop_breakpoint=\u00bb%5B%7B%7D%5D\u00bb][vc_column width=\u00bb1\/2\u2033][vc_column_text]Por este motivo, las asociaciones representantes de industrias vinculadas al transporte y la movilidad exigen que se respete la neutralidad tecnol\u00f3gica y que no se proh\u00edban alternativas energ\u00e9ticas. Prohibir la venta de los motores de combusti\u00f3n supondr\u00e1 frenar el desarrollo de<br>\nlos ecocombustibles, combustibles l\u00edquidos bajos o neutros en carbono y compatibles con las flotas, el parque m\u00f3vil y las infraestructuras de almacenamiento y transporte de combustibles l\u00edquidos. No solo se desincentivar\u00e1 la producci\u00f3n de combustible tradicional, sino tambi\u00e9n de<br>\necocombustibles que permitir\u00edan descarbonizar la movilidad a un menor coste y sin obligar ni a la poblaci\u00f3n ni a las empresas de sectores estrat\u00e9gicos como la log\u00edstica a cambiar de veh\u00edculo o renovar integralmente sus flotas. Es decir, sin restringir el derecho a la movilidad<br>\nde la poblaci\u00f3n en funci\u00f3n de su nivel socioecon\u00f3mico ni abocar al tejido empresarial a realizar inversiones en un momento de incertidumbre en el que la inflaci\u00f3n est\u00e1 lastrando las cuentas de resultados y poniendo en peligro la supervivencia de muchos negocios.[\/vc_column_text][\/vc_column][vc_column width=\u00bb1\/2\u2033][vc_column_text]En l\u00ednea con lo anterior, las asociaciones se\u00f1alan que este desincentivo en la inversi\u00f3n derivado de la prohibici\u00f3n del motor de combusti\u00f3n pondr\u00e1 en riesgo un gran n\u00famero de puestos de trabajo, tanto de la industria del refino y de distribuci\u00f3n de carburantes como en la de componentes de automoci\u00f3n y en las vinculadas a la movilidad y al transporte.<\/p>\n<p>No se trata solo de la p\u00e9rdida de eficiencia en el proceso de la transici\u00f3n energ\u00e9tica, explican, se trata de la p\u00e9rdida de derechos en materia de movilidad, de calidad de vida y de poder adquisitivo en las clases medias y bajas. Por todo ello, defender intereses de toda la poblaci\u00f3n<br>\nespa\u00f1ola requiere imperativamente votar no al reglamento de est\u00e1ndares de emisiones de CO2 por parte del Gobierno espa\u00f1ol ante la Uni\u00f3n Europea.[\/vc_column_text][\/vc_column][\/vc_row][vc_row][vc_column][vc_column_text]<\/p>\n<h2>Compromiso con la descarbonizaci\u00f3n<\/h2>\n<p>[\/vc_column_text][vc_column_text]Las asociaciones firmantes recalcan su compromiso con la descarbonizaci\u00f3n de la movilidad y la econom\u00eda, as\u00ed como con una transici\u00f3n energ\u00e9tica que sea justa, accesible, eficiente e inclusiva para que nadie quede atr\u00e1s. Por ello, demandan al Ejecutivo espa\u00f1ol que escuche a todos los sectores y que calibre el alcance de sus decisiones. Tambi\u00e9n instan a las administraciones espa\u00f1ola y europea para que velen por el cumplimiento del principio de neutralidad tecnol\u00f3gica. \u201cLa \u00fanica forma de dise\u00f1ar una transici\u00f3n energ\u00e9tica justa y eficiente es que prevalezca la tecnolog\u00eda frente a la ideolog\u00eda\u201d, concluyen.[\/vc_column_text][vc_separator border_width=\u00bb5\u2033 css=\u00bb.vc_custom_1657185031809{margin-top: 50px !important;margin-bottom: 50px !important;}\u00bb][\/vc_column][\/vc_row][vc_row css=\u00bb.vc_custom_1657185041911{margin-right: 50px !important;}\u00bb nt_row_loop_breakpoint=\u00bb%5B%7B%7D%5D\u00bb][vc_column width=\u00bb1\/2\u2033][vc_column_text]Fuente:<a href=\"https:\/\/www.aop.es\/comunicaciones\/2022\/06\/23\/prohibir-el-motor-de-combustion-reducira-el-derecho-de-los-consumidores-mas-vulnerables-a-una-movilidad-asequible\/\"> AOP.es<\/a>[\/vc_column_text][\/vc_column][vc_column width=\u00bb1\/2\u2033][\/vc_column][\/vc_row]<\/p>\n<\/div>","protected":false},"excerpt":{"rendered":"<p>[vc_row css=\u00bb.vc_custom_1657183728203{margin-right: 50px !important;}\u00bb nt_row_loop_breakpoint=\u00bb%5B%7B%7D%5D\u00bb][vc_column][vc_column_text] Prohibir el motor de combusti\u00f3n reducir\u00e1 el derecho de los consumidores m\u00e1s vulnerables a una movilidad asequible [\/vc_column_text][vc_single_image image=\u00bb3943\u2033 img_size=\u00bbfull\u00bb alignment=\u00bbcenter\u00bb css=\u00bb.vc_custom_1657183904610{margin-top: 50px !important;margin-bottom: 50px !important;}\u00bb][\/vc_column][\/vc_row][vc_row css=\u00bb.vc_custom_1657183728203{margin-right: 50px !important;}\u00bb nt_row_loop_breakpoint=\u00bb%5B%7B%7D%5D\u00bb][vc_column width=\u00bb1\/2\u2033][vc_column_text]\u25cf Asociaciones vinculadas al transporte y la movilidad advierten de que, si se proh\u00edbe el motor de combusti\u00f3n, las clases [&hellip;]<\/p>\n","protected":false},"author":1,"featured_media":0,"comment_status":"closed","ping_status":"closed","sticky":false,"template":"","format":"standard","meta":{"rop_custom_images_group":[],"rop_custom_messages_group":[],"rop_publish_now":"initial","rop_publish_now_accounts":{"facebook_391207609099785_107747471705101":"","twitter_1455864053738483718_1455864053738483718":""},"rop_publish_now_history":[],"rop_publish_now_status":"pending","footnotes":""},"categories":[1],"tags":[],"class_list":["post-3940","post","type-post","status-publish","format-standard","hentry","category-uncategorized"],"jetpack_featured_media_url":"","meta_box":{"nt_forester_gallery_image":[],"nt_forester_quote_text":"","nt_forester_quote_author":"","nt_forester_quote_bg":"","nt_forester_quote_bg_opacity":"80","nt_forester_audio_mp3":"","nt_forester_audio_ogg":"","nt_forester_audio_sc":"","nt_forester_audio_sc_color":"#ff7700","nt_forester_video_m4v":"","nt_forester_video_ogv":"","nt_forester_video_webm":"","nt_forester_video_embed":""},"_links":{"self":[{"href":"https:\/\/jobufer.com\/index.php\/wp-json\/wp\/v2\/posts\/3940","targetHints":{"allow":["GET"]}}],"collection":[{"href":"https:\/\/jobufer.com\/index.php\/wp-json\/wp\/v2\/posts"}],"about":[{"href":"https:\/\/jobufer.com\/index.php\/wp-json\/wp\/v2\/types\/post"}],"author":[{"embeddable":true,"href":"https:\/\/jobufer.com\/index.php\/wp-json\/wp\/v2\/users\/1"}],"replies":[{"embeddable":true,"href":"https:\/\/jobufer.com\/index.php\/wp-json\/wp\/v2\/comments?post=3940"}],"version-history":[{"count":6,"href":"https:\/\/jobufer.com\/index.php\/wp-json\/wp\/v2\/posts\/3940\/revisions"}],"predecessor-version":[{"id":3942,"href":"https:\/\/jobufer.com\/index.php\/wp-json\/wp\/v2\/posts\/3940\/revisions\/3942"}],"wp:attachment":[{"href":"https:\/\/jobufer.com\/index.php\/wp-json\/wp\/v2\/media?parent=3940"}],"wp:term":[{"taxonomy":"category","embeddable":true,"href":"https:\/\/jobufer.com\/index.php\/wp-json\/wp\/v2\/categories?post=3940"},{"taxonomy":"post_tag","embeddable":true,"href":"https:\/\/jobufer.com\/index.php\/wp-json\/wp\/v2\/tags?post=3940"}],"curies":[{"name":"wp","href":"https:\/\/api.w.org\/{rel}","templated":true}]}}