{"id":3949,"date":"2022-07-27T11:00:05","date_gmt":"2022-07-27T11:00:05","guid":{"rendered":"https:\/\/jobufer.com\/?p=3949"},"modified":"2022-07-07T09:21:39","modified_gmt":"2022-07-07T09:21:39","slug":"la-plataforma-para-los-ecocombustibles-pide-certidumbre","status":"publish","type":"post","link":"https:\/\/jobufer.com\/index.php\/2022\/07\/27\/la-plataforma-para-los-ecocombustibles-pide-certidumbre\/","title":{"rendered":"La Plataforma para los Ecocombustibles pide \u201ccertidumbre\u201d"},"content":{"rendered":"<div class=\"wpb-content-wrapper\">\n<p>[vc_row css=\u00bb.vc_custom_1657185233915{margin-right: 50px !important;}\u00bb nt_row_loop_breakpoint=\u00bb%5B%7B%7D%5D\u00bb][vc_column][vc_column_text]<\/p>\n<h1 class=\"entry-title\" style=\"text-align: center;\">La Plataforma para los Ecocombustibles pide \u201ccertidumbre\u201d y lamenta la falta de apoyo del Gobierno<\/h1>\n<p>[\/vc_column_text][vc_column_text css=\u00bb.vc_custom_1657185282154{margin-top: 50px !important;margin-bottom: 50px !important;}\u00bb]<\/p>\n<h3 class=\"entry-title\" style=\"text-align: center;\">La organizaci\u00f3n ha advertido de que renunciar a esta opci\u00f3n energ\u00e9tica \u00abpone en riesgo\u00bb millones de empleos<\/h3>\n<p>[\/vc_column_text][vc_single_image image=\u00bb3953\u2033 img_size=\u00bbfull\u00bb alignment=\u00bbcenter\u00bb css=\u00bb.vc_custom_1657185418027{margin-top: 50px !important;margin-bottom: 50px !important;}\u00bb][vc_column_text]La<strong>\u00a0Plataforma para la Promoci\u00f3n de los Ecocombustibles<\/strong>\u00a0<strong>ha pedido \u201ccertidumbre y apoyo<\/strong>\u201d para los\u00a0<strong>ecocombustibles<\/strong>\u00a0-combustibles l\u00edquidos bajos o neutros en carbono- y ha lamentado que el\u00a0<strong>Gobierno<\/strong>\u00a0<strong>no apoye una soluci\u00f3n energ\u00e9tica<\/strong>\u00a0\u201cimprescindible\u201d para descarbonizar muchos sectores y proteger millones de empleos.<\/p>\n<p>En la jornada \u2018Ecocombustibles: motor de la econom\u00eda y garant\u00eda de suministro\u2019, representantes de la Asociaci\u00f3n de Transporte Internacional por Carretera (Astic), la Confederaci\u00f3n Espa\u00f1ola de Transporte de Mercanc\u00edas (CETM), la patronal de concesionarios Faconauto o FuelsEurope, entre otros, han advertido de que prescindir de los<br>\necocombustibles es contraproducente para\u00a0<strong>reducir las emisiones<\/strong>.[\/vc_column_text][\/vc_column][\/vc_row][vc_row css=\u00bb.vc_custom_1657185439110{margin-right: 50px !important;}\u00bb nt_row_loop_breakpoint=\u00bb%5B%7B%7D%5D\u00bb][vc_column][vc_column_text]<\/p>\n<h3 id=\"el-papel-de-los-ecocombustibles-en-la-transicion\">El papel de los ecocombustibles en la transici\u00f3n<\/h3>\n<p>[\/vc_column_text][vc_column_text]Asimismo, ha advertido de que renunciar a esta\u00a0<strong>opci\u00f3n energ\u00e9tica<\/strong>\u00a0\u201cpone en riesgo\u201d millones de empleos, amplios sectores de la econom\u00eda, as\u00ed como el equilibrio social y territorial del pa\u00eds, inform\u00f3 la Plataforma.<\/p>\n<p>La<strong>s 27 asociaciones<\/strong>, que representan casi seis millones de empleos, han firmado un manifiesto para reiterar al Gobierno su voluntad de di\u00e1logo para una transici\u00f3n justa e inclusiva y demandan certidumbre y apoyo a los ecocombustibles.<\/p>\n<p>El presidente de\u00a0<strong>FuelsEurope<\/strong>,\u00a0<strong>Luis Cabra<\/strong>, ha considerado que, a pesar de la votaci\u00f3n en el Parlamento Europeo sobre la prohibici\u00f3n, a partir de 2035, de la venta de veh\u00edculos de motor de combusti\u00f3n, esto no supone que se vaya a escribir la historia, sino que se \u201cse escribir\u00e1 un cap\u00edtulo de ella\u201d, ya que la postura del Parlamento deber\u00e1 ser valorada en menos de un mes por el Consejo Europeo.<\/p>\n<p>Cabra ha lamentado la inacci\u00f3n de las administraciones y ha se\u00f1alado la necesidad de que se \u201coiga\u201d m\u00e1s al sector \u201cpara poner en valor los ecocombustibles\u201d, no como opci\u00f3n \u00fanica, sino de aplicaci\u00f3n inmediata y de forma complementaria a la\u00a0<strong>electrificaci\u00f3n<\/strong>\u00a0del\u00a0<strong>parque<\/strong>\u00a0<strong>m\u00f3vil<\/strong>.<\/p>\n<p>El presidente de CEOE,\u00a0<strong>Antonio Garamendi,<\/strong>\u00a0presidente de CEOE, ha destacado la labor de la Plataforma y ha subrayado que la patronal defiende la neutralidad tecnol\u00f3gica y, con ello, la posibilidad de que las distintas soluciones tecnol\u00f3gicas, como los ecocombustibles, con capacidad de reducci\u00f3n de emisiones, tengan un papel en la transici\u00f3n energ\u00e9tica, llamando a no cometer \u201cerrores del pasado\u201d.<\/p>\n<p>Mientras,\u00a0<strong>Faconauto<\/strong>\u00a0ha recalcado que la incertidumbre del marco legal se traslada a la desorientaci\u00f3n de los ciudadanos, que no saben qu\u00e9 veh\u00edculo pueden adquirir, mientras Espa\u00f1a tiene uno de los parques m\u00f3viles m\u00e1s envejecidos de\u00a0<strong>Europa<\/strong>.<\/p>\n<p>Por este motivo, ha se\u00f1alado que no apostar por los ecocombustibles es resignarse a que aumenten las emisiones, al no aprovechar una\u00a0<strong>soluci\u00f3n energ\u00e9tica<\/strong>\u00a0capaz de reducirlas de forma inmediata y que es compatible con el parque y las infraestructuras de distribuci\u00f3n y<br>\nrepostaje actuales.<\/p>\n<p>En esta misma l\u00ednea se han posicionado tambi\u00e9n desde el transporte por carretera las asociaciones\u00a0<strong>Confebus<\/strong>,\u00a0<strong>Astic<\/strong>\u00a0y\u00a0<strong>CETM<\/strong>, quienes han apuntado \u201cla incertidumbre y la confusi\u00f3n\u201d existente para renovar las flotas ante la falta de un marco regulatorio estable para el medio y largo plazo, que tambi\u00e9n tiene como consecuencia efectos contraproducentes en la reducci\u00f3n de emisiones.<\/p>\n<p>En el mismo sentido se ha pronunciado\u00a0<strong>Anave<\/strong>, que ha indicado las ventajas de los ecocombustibles para la reducci\u00f3n de emisiones y la certidumbre de las inversiones.<\/p>\n<p>[\/vc_column_text][vc_separator border_width=\u00bb5\u2033 css=\u00bb.vc_custom_1657185538881{margin-top: 50px !important;margin-bottom: 50px !important;}\u00bb][\/vc_column][\/vc_row][vc_row css=\u00bb.vc_custom_1657185439110{margin-right: 50px !important;}\u00bb nt_row_loop_breakpoint=\u00bb%5B%7B%7D%5D\u00bb][vc_column width=\u00bb1\/2\u2033][vc_column_text]Fuente: <a href=\"https:\/\/elperiodicodelaenergia.com\/plataforma-ecocombustibles-certidumbre-gobierno-apoyo\/\">elperiodicodelaenergia.com<\/a>[\/vc_column_text][\/vc_column][vc_column width=\u00bb1\/2\u2033][\/vc_column][\/vc_row]<\/p>\n<\/div>","protected":false},"excerpt":{"rendered":"<p>[vc_row css=\u00bb.vc_custom_1657185233915{margin-right: 50px !important;}\u00bb nt_row_loop_breakpoint=\u00bb%5B%7B%7D%5D\u00bb][vc_column][vc_column_text] La Plataforma para los Ecocombustibles pide \u201ccertidumbre\u201d y lamenta la falta de apoyo del Gobierno [\/vc_column_text][vc_column_text css=\u00bb.vc_custom_1657185282154{margin-top: 50px !important;margin-bottom: 50px !important;}\u00bb] La organizaci\u00f3n ha advertido de que renunciar a esta opci\u00f3n energ\u00e9tica \u00abpone en riesgo\u00bb millones de empleos [\/vc_column_text][vc_single_image image=\u00bb3953\u2033 img_size=\u00bbfull\u00bb alignment=\u00bbcenter\u00bb css=\u00bb.vc_custom_1657185418027{margin-top: 50px !important;margin-bottom: 50px !important;}\u00bb][vc_column_text]La\u00a0Plataforma para la Promoci\u00f3n [&hellip;]<\/p>\n","protected":false},"author":1,"featured_media":0,"comment_status":"closed","ping_status":"closed","sticky":false,"template":"","format":"standard","meta":{"rop_custom_images_group":[],"rop_custom_messages_group":[],"rop_publish_now":"initial","rop_publish_now_accounts":{"facebook_391207609099785_107747471705101":"","twitter_1455864053738483718_1455864053738483718":""},"rop_publish_now_history":[],"rop_publish_now_status":"pending","footnotes":""},"categories":[1],"tags":[],"class_list":["post-3949","post","type-post","status-publish","format-standard","hentry","category-uncategorized"],"jetpack_featured_media_url":"","meta_box":{"nt_forester_gallery_image":[],"nt_forester_quote_text":"","nt_forester_quote_author":"","nt_forester_quote_bg":"","nt_forester_quote_bg_opacity":"80","nt_forester_audio_mp3":"","nt_forester_audio_ogg":"","nt_forester_audio_sc":"","nt_forester_audio_sc_color":"#ff7700","nt_forester_video_m4v":"","nt_forester_video_ogv":"","nt_forester_video_webm":"","nt_forester_video_embed":""},"_links":{"self":[{"href":"https:\/\/jobufer.com\/index.php\/wp-json\/wp\/v2\/posts\/3949","targetHints":{"allow":["GET"]}}],"collection":[{"href":"https:\/\/jobufer.com\/index.php\/wp-json\/wp\/v2\/posts"}],"about":[{"href":"https:\/\/jobufer.com\/index.php\/wp-json\/wp\/v2\/types\/post"}],"author":[{"embeddable":true,"href":"https:\/\/jobufer.com\/index.php\/wp-json\/wp\/v2\/users\/1"}],"replies":[{"embeddable":true,"href":"https:\/\/jobufer.com\/index.php\/wp-json\/wp\/v2\/comments?post=3949"}],"version-history":[{"count":2,"href":"https:\/\/jobufer.com\/index.php\/wp-json\/wp\/v2\/posts\/3949\/revisions"}],"predecessor-version":[{"id":3954,"href":"https:\/\/jobufer.com\/index.php\/wp-json\/wp\/v2\/posts\/3949\/revisions\/3954"}],"wp:attachment":[{"href":"https:\/\/jobufer.com\/index.php\/wp-json\/wp\/v2\/media?parent=3949"}],"wp:term":[{"taxonomy":"category","embeddable":true,"href":"https:\/\/jobufer.com\/index.php\/wp-json\/wp\/v2\/categories?post=3949"},{"taxonomy":"post_tag","embeddable":true,"href":"https:\/\/jobufer.com\/index.php\/wp-json\/wp\/v2\/tags?post=3949"}],"curies":[{"name":"wp","href":"https:\/\/api.w.org\/{rel}","templated":true}]}}