{"id":3955,"date":"2022-08-07T11:00:44","date_gmt":"2022-08-07T11:00:44","guid":{"rendered":"https:\/\/jobufer.com\/?p=3955"},"modified":"2022-07-07T09:35:54","modified_gmt":"2022-07-07T09:35:54","slug":"descarbonizacion-de-aqui-a-2050","status":"publish","type":"post","link":"https:\/\/jobufer.com\/index.php\/2022\/08\/07\/descarbonizacion-de-aqui-a-2050\/","title":{"rendered":"Descarbonizaci\u00f3n de aqu\u00ed a 2050"},"content":{"rendered":"<div class=\"wpb-content-wrapper\">\n<p>[vc_row css=\u00bb.vc_custom_1657185937582{margin-right: 50px !important;}\u00bb nt_row_loop_breakpoint=\u00bb%5B%7B%7D%5D\u00bb][vc_column][vc_column_text css=\u00bb.vc_custom_1657186507715{margin-bottom: 50px !important;}\u00bb]<\/p>\n<h1 class=\"title\" style=\"text-align: center;\">La Uni\u00f3n Europea apuesta por su descarbonizaci\u00f3n total de aqu\u00ed a 2050<\/h1>\n<p>[\/vc_column_text][vc_column_text]<\/p>\n<h3 class=\"epigraph\" style=\"text-align: center;\">El consumo de energ\u00eda procedente de fuentes renovables ha crecido en el continente hasta el 18,9% y el objetivo es llegar al 100% en 30 a\u00f1os. Para lograrlo, los fondos de rescate europeos fomentar\u00e1n el sector de las energ\u00edas limpias<\/h3>\n<p>[\/vc_column_text][vc_single_image image=\u00bb3958\u2033 img_size=\u00bbfull\u00bb alignment=\u00bbcenter\u00bb css=\u00bb.vc_custom_1657185929219{margin-top: 50px !important;margin-bottom: 50px !important;}\u00bb][\/vc_column][\/vc_row][vc_row css=\u00bb.vc_custom_1657185937582{margin-right: 50px !important;}\u00bb nt_row_loop_breakpoint=\u00bb%5B%7B%7D%5D\u00bb][vc_column][vc_column_text]<\/p>\n<p class=\"paragraph\" data-gtm-element-container=\"modulo-texto-link\">Las fuentes renovables de energ\u00eda \u2014e\u00f3lica, solar, hidroel\u00e9ctrica, oce\u00e1nica, geotermal, de la biomasa y de los biocarburantes\u2014 son la alternativa a los combustibles f\u00f3siles, especialmente petr\u00f3leo y gas, y contribuyen a la reducci\u00f3n de las emisiones de gases de efecto invernadero. En 2018, la Uni\u00f3n Europea acord\u00f3 que el 32% del consumo de energ\u00eda total proviniera de fuentes renovables para 2030.<\/p>\n<p class=\"paragraph\" data-gtm-element-container=\"modulo-texto-link\">En los \u00faltimos a\u00f1os, la generaci\u00f3n y el consumo de energ\u00eda con fuentes renovables ha crecido en Europa y ha pasado del 9,6% en 2004 al 18,9% en 2018. Suecia, Finlandia, Letonia, Dinamarca y Austria lideran la cuota energ\u00e9tica procedente de renovables. El Pacto Verde Europeo es una de las herramientas para conseguir aumentar estas cifras, ya que propone una serie de iniciativas en todas las \u00e1reas para lograr que la UE sea clim\u00e1ticamente neutra de aqu\u00ed a 2050.<\/p>\n<p>[\/vc_column_text][vc_column_text css=\u00bb.vc_custom_1657186046874{margin-top: 50px !important;margin-bottom: 50px !important;}\u00bb]<\/p>\n<h3 class=\"subtitle\">Ayudas europeas<\/h3>\n<p>[\/vc_column_text][vc_column_text]La transici\u00f3n ecol\u00f3gica es uno de los objetivos principales del Fondo de Recuperaci\u00f3n Europeo que priorizar\u00e1 la descarbonizaci\u00f3n y fomentar\u00e1 el sector de las energ\u00edas limpias. El Gobierno espa\u00f1ol ha anunciado que el 40,29% de los 70.000 millones de euros de los fondos que llegar\u00e1n de la UE entre 2021 y 2023 se destinar\u00e1n a la recuperaci\u00f3n verde y 3.165 millones de euros corresponder\u00e1n a energ\u00edas renovables.[\/vc_column_text][vc_column_text css=\u00bb.vc_custom_1657186477330{margin-top: 50px !important;margin-bottom: 50px !important;}\u00bb]<\/p>\n<h2 class=\"module-supra-title\"><strong>Los proyectos internacionales<\/strong><\/h2>\n<p>[\/vc_column_text][\/vc_column][\/vc_row][vc_row css=\u00bb.vc_custom_1657186112832{margin-top: 50px !important;margin-right: 50px !important;}\u00bb nt_row_loop_breakpoint=\u00bb%5B%7B%7D%5D\u00bb][vc_column width=\u00bb1\/2\u2033][vc_column_text]<\/p>\n<h3><strong>Energ\u00eda e\u00f3lica m\u00e1s eficiente<\/strong><\/h3>\n<p>[\/vc_column_text][vc_column_text]Innteresting (<i>Innovative Future Proof Testing Methods for Reliable Critical Components in Wind Turbines<\/i>) es un proyecto europeo dentro del programa Horizon 2020 para la investigaci\u00f3n y la innovaci\u00f3n. Se trata de demostrar la fiabilidad de los componentes cr\u00edticos de las turbinas e\u00f3licas m\u00e1s grandes, sin tener que construir grandes bancos de pruebas muy costosos, combinando ensayos f\u00edsicos y virtuales. Tres entidades vascas participan en el proyecto: el centro tecnol\u00f3gico Ikerlan, la empresa guipuzcoana Laulagun y el Cl\u00faster de Energ\u00eda.[\/vc_column_text][\/vc_column][vc_column width=\u00bb1\/2\u2033][vc_column_text]<\/p>\n<h3><strong>Persianas inteligentes<\/strong><\/h3>\n<p>[\/vc_column_text][vc_column_text]El centro tecnol\u00f3gico Eurecat ha participado en el proyecto internacional BRESAER para desarrollar una persiana inteligente y energ\u00e9ticamente eficiente que reduce el gasto energ\u00e9tico de las construcciones. La persiana se ha instalado en un edificio piloto situado en la Universidad de Burgos y ha logrado una reducci\u00f3n de su demanda energ\u00e9tica, tanto de calefacci\u00f3n como de refrigeraci\u00f3n, a un 30,7%.[\/vc_column_text][\/vc_column][\/vc_row][vc_row css=\u00bb.vc_custom_1657186112832{margin-top: 50px !important;margin-right: 50px !important;}\u00bb nt_row_loop_breakpoint=\u00bb%5B%7B%7D%5D\u00bb][vc_column width=\u00bb1\/2\u2033][vc_column_text]<\/p>\n<h3><strong>Pasta sostenible<\/strong><\/h3>\n<p>[\/vc_column_text][vc_column_text]Once socios del mundo de la investigaci\u00f3n y la industria de siete pa\u00edses diferentes se han unido en el proyecto de investigaci\u00f3n europeo HiFlex para reducir la huella de CO2 de la producci\u00f3n de pasta. Cerca de la f\u00e1brica de pasta que tiene Barilla en Foggia, en el sur de Italia, se construir\u00e1 un sistema que utilizar\u00e1 la energ\u00eda t\u00e9rmica para la producci\u00f3n de pasta.[\/vc_column_text][\/vc_column][vc_column width=\u00bb1\/2\u2033][vc_column_text]<\/p>\n<h3><strong>La fuerza del mar<\/strong><\/h3>\n<p>[\/vc_column_text][vc_column_text]El proyecto internacional FloTEC tiene como protagonista la turbina mareomotriz flotante O2, de Orbital Marine Power. Se calcula que, cuando est\u00e9 operativa, la O2 podr\u00e1 suplir las necesidades de electricidad de m\u00e1s de 1.700 hogares. La electricidad se transportar\u00e1 desde la turbina a trav\u00e9s de un cable submarino y se volcar\u00e1 a la red nacional del archipi\u00e9lago de las Orcadas, en Escocia.[\/vc_column_text][\/vc_column][\/vc_row][vc_row css=\u00bb.vc_custom_1657186334822{margin-right: 50px !important;}\u00bb nt_row_loop_breakpoint=\u00bb%5B%7B%7D%5D\u00bb][vc_column][vc_separator border_width=\u00bb5\u2033 css=\u00bb.vc_custom_1657186345226{margin-top: 50px !important;margin-bottom: 50px !important;}\u00bb][\/vc_column][\/vc_row][vc_row css=\u00bb.vc_custom_1657186334822{margin-right: 50px !important;}\u00bb nt_row_loop_breakpoint=\u00bb%5B%7B%7D%5D\u00bb][vc_column width=\u00bb1\/2\u2033][vc_column_text]Fuente: <a href=\"https:\/\/www.lavanguardia.com\/natural\/20220703\/8382464\/rio-po-seca-italia-cierra-grifo.html\">lavanguardia.com<\/a>[\/vc_column_text][\/vc_column][vc_column width=\u00bb1\/2\u2033][\/vc_column][\/vc_row]<\/p>\n<\/div>","protected":false},"excerpt":{"rendered":"<p>[vc_row css=\u00bb.vc_custom_1657185937582{margin-right: 50px !important;}\u00bb nt_row_loop_breakpoint=\u00bb%5B%7B%7D%5D\u00bb][vc_column][vc_column_text css=\u00bb.vc_custom_1657186507715{margin-bottom: 50px !important;}\u00bb] La Uni\u00f3n Europea apuesta por su descarbonizaci\u00f3n total de aqu\u00ed a 2050 [\/vc_column_text][vc_column_text] El consumo de energ\u00eda procedente de fuentes renovables ha crecido en el continente hasta el 18,9% y el objetivo es llegar al 100% en 30 a\u00f1os. Para lograrlo, los fondos de rescate europeos fomentar\u00e1n [&hellip;]<\/p>\n","protected":false},"author":1,"featured_media":0,"comment_status":"closed","ping_status":"closed","sticky":false,"template":"","format":"standard","meta":{"rop_custom_images_group":[],"rop_custom_messages_group":[],"rop_publish_now":"initial","rop_publish_now_accounts":{"facebook_391207609099785_107747471705101":"","twitter_1455864053738483718_1455864053738483718":""},"rop_publish_now_history":[],"rop_publish_now_status":"pending","footnotes":""},"categories":[1],"tags":[],"class_list":["post-3955","post","type-post","status-publish","format-standard","hentry","category-uncategorized"],"jetpack_featured_media_url":"","meta_box":{"nt_forester_gallery_image":[],"nt_forester_quote_text":"","nt_forester_quote_author":"","nt_forester_quote_bg":"","nt_forester_quote_bg_opacity":"80","nt_forester_audio_mp3":"","nt_forester_audio_ogg":"","nt_forester_audio_sc":"","nt_forester_audio_sc_color":"#ff7700","nt_forester_video_m4v":"","nt_forester_video_ogv":"","nt_forester_video_webm":"","nt_forester_video_embed":""},"_links":{"self":[{"href":"https:\/\/jobufer.com\/index.php\/wp-json\/wp\/v2\/posts\/3955","targetHints":{"allow":["GET"]}}],"collection":[{"href":"https:\/\/jobufer.com\/index.php\/wp-json\/wp\/v2\/posts"}],"about":[{"href":"https:\/\/jobufer.com\/index.php\/wp-json\/wp\/v2\/types\/post"}],"author":[{"embeddable":true,"href":"https:\/\/jobufer.com\/index.php\/wp-json\/wp\/v2\/users\/1"}],"replies":[{"embeddable":true,"href":"https:\/\/jobufer.com\/index.php\/wp-json\/wp\/v2\/comments?post=3955"}],"version-history":[{"count":6,"href":"https:\/\/jobufer.com\/index.php\/wp-json\/wp\/v2\/posts\/3955\/revisions"}],"predecessor-version":[{"id":3957,"href":"https:\/\/jobufer.com\/index.php\/wp-json\/wp\/v2\/posts\/3955\/revisions\/3957"}],"wp:attachment":[{"href":"https:\/\/jobufer.com\/index.php\/wp-json\/wp\/v2\/media?parent=3955"}],"wp:term":[{"taxonomy":"category","embeddable":true,"href":"https:\/\/jobufer.com\/index.php\/wp-json\/wp\/v2\/categories?post=3955"},{"taxonomy":"post_tag","embeddable":true,"href":"https:\/\/jobufer.com\/index.php\/wp-json\/wp\/v2\/tags?post=3955"}],"curies":[{"name":"wp","href":"https:\/\/api.w.org\/{rel}","templated":true}]}}