{"id":4282,"date":"2023-05-15T11:30:11","date_gmt":"2023-05-15T11:30:11","guid":{"rendered":"https:\/\/jobufer.com\/?p=4282"},"modified":"2023-04-19T10:06:56","modified_gmt":"2023-04-19T10:06:56","slug":"eu-congelaria-subida-arancelaria-a-biodiesel","status":"publish","type":"post","link":"https:\/\/jobufer.com\/index.php\/2023\/05\/15\/eu-congelaria-subida-arancelaria-a-biodiesel\/","title":{"rendered":"EU congelar\u00eda subida arancelaria a biodiesel"},"content":{"rendered":"<div class=\"wpb-content-wrapper\">\n<p>[vc_row css=\u00bb.vc_custom_1681897377868{margin-right: 100px !important;}\u00bb nt_row_loop_breakpoint=\u00bb%5B%7B%7D%5D\u00bb][vc_column][vc_column_text]<\/p>\n<h1 class=\"jsx-891979598\" style=\"text-align: center;\">EU congelar\u00eda subida arancelaria a biodiesel<\/h1>\n<p>[\/vc_column_text][vc_column_text css=\u00bb.vc_custom_1681897611980{margin-top: 50px !important;}\u00bb]<\/p>\n<h3 style=\"text-align: center;\">Incremento fue de 64% por presuntas pr\u00e1cticas dumping y subsidios gubernamentales indebidos; monto fue totalmente fuera de escala , se queja gobierno.<\/h3>\n<p>[\/vc_column_text][vc_single_image image=\u00bb4283\u2033 img_size=\u00bbfull\u00bb alignment=\u00bbcenter\u00bb css=\u00bb.vc_custom_1681897617348{margin-bottom: 50px !important;}\u00bb][\/vc_column][\/vc_row][vc_row css=\u00bb.vc_custom_1681897377868{margin-right: 100px !important;}\u00bb nt_row_loop_breakpoint=\u00bb%5B%7B%7D%5D\u00bb][vc_column][vc_column_text]<\/p>\n<p class=\"jsx-3954459878\">El ministro de Producci\u00f3n de Argentina, Francisco Cabrera, asegur\u00f3 hoy haber recibido de Estados Unidos el compromiso de suspender la fuerte subida al arancel a la exportaci\u00f3n del biodiesel nacional a ese pa\u00eds, tras advertir que este incremento estuvo totalmente fuera de escala .<\/p>\n<p class=\"jsx-3954459878\">Lo que hablamos con el secretario de Comercio de los Estados Unidos (Wilbur Ross) es que esto es perjudicial para la Argentina, y que se llegue a la cl\u00e1usula se suspensi\u00f3n lo m\u00e1s r\u00e1pido posible; \u00e9ste fue el compromiso que tomamos y esperamos ya la semana que viene tener novedades , indic\u00f3 Cabrera.<\/p>\n<p class=\"jsx-3954459878\">En di\u00e1logo con periodistas acreditados en la Casa de Gobierno, el ministro dijo que les pareci\u00f3 totalmente fuera de escala el aumento decidido la semana pasada por el Departamento de Comercio norteamericano, de hasta 64%, al combustible que se elabora a partir de la soja y representa 25% de las exportaciones hacia ese pa\u00eds.<\/p>\n<p class=\"jsx-3954459878\">Sab\u00edamos que iba a haber un arancel preliminar, porque hubo una denuncia (de dumping, precio por debajo del mercado, presuntamente para eliminar competidores) y ese es el procedimiento. Pero esper\u00e1bamos que ese arancel preliminar estuviera en el orden de 25% y no en 57% promedio, como ocurri\u00f3 , declar\u00f3 Cabrera.<\/p>\n<p class=\"jsx-3954459878\">Al respecto, el funcionario alert\u00f3 que esta sanci\u00f3n tiene un problema serio, y es que no genera un incentivo en el sector privado americano para sentarse a negociar; con este nivel de arancel, no va a haber ning\u00fan tipo de exportaci\u00f3n desde la Argentina , hacia los Estados Unidos, advirti\u00f3.<\/p>\n<p class=\"jsx-3954459878\">Cabrera, antes de retirarse r\u00e1pidamente para asistir a una reuni\u00f3n de coordinaci\u00f3n con el presidente Mauricio Macri, no hizo referencia a la posibilidad planteada por su par de Agroindustria, Ricardo Buryaile, de volver a exportar biodiesel a Europa desde el mes pr\u00f3ximo, ante las dificultades con el mercado norteamericano.<\/p>\n<p class=\"jsx-3954459878\">El pasado viernes, el canciller Jorge Faurie cit\u00f3 al agregado de negocios de la embajada norteamericana, Thomas Cooney, para expresar la posici\u00f3n argentina con respecto a la sorpresiva medida tomada por la Secretar\u00eda de Comercio de Estados Unidos.<\/p>\n<p class=\"jsx-3954459878\">El jueves pasado, un d\u00eda despu\u00e9s de que la administraci\u00f3n de Trump impusiera aranceles de hasta 64% al combustible verde, la canciller\u00eda emiti\u00f3 un duro comunicado en el que rechazaba la decisi\u00f3n, expresaba el Gobierno, adem\u00e1s, remarc\u00f3 que Argentina no subsidia la producci\u00f3n de combustible verde, y que la decisi\u00f3n norteamericana se tom\u00f3 sin ning\u00fan tipo de investigaci\u00f3n objetiva ni metodolog\u00eda aceptable desde el punto de vista de las normas de la Organizaci\u00f3n Mundial de Comercio.<\/p>\n<p>[\/vc_column_text][vc_separator border_width=\u00bb5\u2033 css=\u00bb.vc_custom_1681897540115{margin-top: 50px !important;margin-bottom: 50px !important;}\u00bb][\/vc_column][\/vc_row][vc_row css=\u00bb.vc_custom_1681897377868{margin-right: 100px !important;}\u00bb nt_row_loop_breakpoint=\u00bb%5B%7B%7D%5D\u00bb][vc_column width=\u00bb1\/2\u2033][vc_column_text]Fuente: <a href=\"https:\/\/www.eleconomista.com.mx\/empresas\/EU-congelaria-subida-arancelaria-a-biodiesel-20170829-0099.html\">eleconomista.com<\/a>[\/vc_column_text][\/vc_column][vc_column width=\u00bb1\/2\u2033][\/vc_column][\/vc_row]<\/p>\n<\/div>","protected":false},"excerpt":{"rendered":"<p>[vc_row css=\u00bb.vc_custom_1681897377868{margin-right: 100px !important;}\u00bb nt_row_loop_breakpoint=\u00bb%5B%7B%7D%5D\u00bb][vc_column][vc_column_text] EU congelar\u00eda subida arancelaria a biodiesel [\/vc_column_text][vc_column_text css=\u00bb.vc_custom_1681897611980{margin-top: 50px !important;}\u00bb] Incremento fue de 64% por presuntas pr\u00e1cticas dumping y subsidios gubernamentales indebidos; monto fue totalmente fuera de escala , se queja gobierno. [\/vc_column_text][vc_single_image image=\u00bb4283\u2033 img_size=\u00bbfull\u00bb alignment=\u00bbcenter\u00bb css=\u00bb.vc_custom_1681897617348{margin-bottom: 50px !important;}\u00bb][\/vc_column][\/vc_row][vc_row css=\u00bb.vc_custom_1681897377868{margin-right: 100px !important;}\u00bb nt_row_loop_breakpoint=\u00bb%5B%7B%7D%5D\u00bb][vc_column][vc_column_text] El ministro de Producci\u00f3n de Argentina, Francisco [&hellip;]<\/p>\n","protected":false},"author":1,"featured_media":0,"comment_status":"closed","ping_status":"closed","sticky":false,"template":"","format":"standard","meta":{"rop_custom_images_group":[],"rop_custom_messages_group":[],"rop_publish_now":"initial","rop_publish_now_accounts":{"facebook_391207609099785_107747471705101":"","twitter_1455864053738483718_1455864053738483718":""},"rop_publish_now_history":[],"rop_publish_now_status":"pending","footnotes":""},"categories":[1],"tags":[],"class_list":["post-4282","post","type-post","status-publish","format-standard","hentry","category-uncategorized"],"jetpack_featured_media_url":"","meta_box":{"nt_forester_gallery_image":[],"nt_forester_quote_text":"","nt_forester_quote_author":"","nt_forester_quote_bg":"","nt_forester_quote_bg_opacity":"80","nt_forester_audio_mp3":"","nt_forester_audio_ogg":"","nt_forester_audio_sc":"","nt_forester_audio_sc_color":"#ff7700","nt_forester_video_m4v":"","nt_forester_video_ogv":"","nt_forester_video_webm":"","nt_forester_video_embed":""},"_links":{"self":[{"href":"https:\/\/jobufer.com\/index.php\/wp-json\/wp\/v2\/posts\/4282","targetHints":{"allow":["GET"]}}],"collection":[{"href":"https:\/\/jobufer.com\/index.php\/wp-json\/wp\/v2\/posts"}],"about":[{"href":"https:\/\/jobufer.com\/index.php\/wp-json\/wp\/v2\/types\/post"}],"author":[{"embeddable":true,"href":"https:\/\/jobufer.com\/index.php\/wp-json\/wp\/v2\/users\/1"}],"replies":[{"embeddable":true,"href":"https:\/\/jobufer.com\/index.php\/wp-json\/wp\/v2\/comments?post=4282"}],"version-history":[{"count":4,"href":"https:\/\/jobufer.com\/index.php\/wp-json\/wp\/v2\/posts\/4282\/revisions"}],"predecessor-version":[{"id":4288,"href":"https:\/\/jobufer.com\/index.php\/wp-json\/wp\/v2\/posts\/4282\/revisions\/4288"}],"wp:attachment":[{"href":"https:\/\/jobufer.com\/index.php\/wp-json\/wp\/v2\/media?parent=4282"}],"wp:term":[{"taxonomy":"category","embeddable":true,"href":"https:\/\/jobufer.com\/index.php\/wp-json\/wp\/v2\/categories?post=4282"},{"taxonomy":"post_tag","embeddable":true,"href":"https:\/\/jobufer.com\/index.php\/wp-json\/wp\/v2\/tags?post=4282"}],"curies":[{"name":"wp","href":"https:\/\/api.w.org\/{rel}","templated":true}]}}