{"id":4316,"date":"2023-07-05T11:30:17","date_gmt":"2023-07-05T11:30:17","guid":{"rendered":"https:\/\/jobufer.com\/?p=4316"},"modified":"2023-04-19T10:54:15","modified_gmt":"2023-04-19T10:54:15","slug":"falta-de-regulacion-de-sostenibilidad-en-espana","status":"publish","type":"post","link":"https:\/\/jobufer.com\/index.php\/2023\/07\/05\/falta-de-regulacion-de-sostenibilidad-en-espana\/","title":{"rendered":"Falta de regulaci\u00f3n de sostenibilidad en Espa\u00f1a"},"content":{"rendered":"<div class=\"wpb-content-wrapper\">\n<p>[vc_row css=\u00bb.vc_custom_1681900699920{margin-right: 100px !important;}\u00bb nt_row_loop_breakpoint=\u00bb%5B%7B%7D%5D\u00bb][vc_column][vc_column_text]<\/p>\n<h1 class=\"titular\" style=\"text-align: center;\">La industria del biodi\u00e9sel plantea un ERTE ante la falta de regulaci\u00f3n de sostenibilidad en Espa\u00f1a<\/h1>\n<p>[\/vc_column_text][vc_single_image image=\u00bb4317\u2033 img_size=\u00bbfull\u00bb alignment=\u00bbcenter\u00bb css=\u00bb.vc_custom_1681901558783{margin-top: 50px !important;margin-bottom: 50px !important;}\u00bb][\/vc_column][\/vc_row][vc_row css=\u00bb.vc_custom_1681900699920{margin-right: 100px !important;}\u00bb nt_row_loop_breakpoint=\u00bb%5B%7B%7D%5D\u00bb][vc_column][vc_column_text]La Asociaci\u00f3n Nacional de Productores de Biodi\u00e9sel a partir de Residuos en Espa\u00f1a (Ewaba) ha manifestado en un comunicado que plantea ejecutar un expediente de regulaci\u00f3n temporal de empleo (ERTE) en toda la industria del biodi\u00e9sel ante la falta de una regulaci\u00f3n nacional de la normativa de sostenibilidad ambiental FQD (Fuel Quality Directive), que ya est\u00e1 en vigor.<\/p>\n<p>La asociaci\u00f3n ha indicado que la obligaci\u00f3n de reducir un 6% las emisiones de gases de efecto invernadero durante el ciclo de vida de los combustibles, marcada por el Real Decreto Ley 6\/2022, no est\u00e1 a\u00fan regulada por el Gobierno, al igual que tampoco existe un dictamen<br>\nsobre las mezclas de biocombustible permitidas.<\/p>\n<p>Seg\u00fan Ewaba, esta situaci\u00f3n genera un \u00ablimbo legal\u00bb en el que los grandes operadores petrol\u00edferos que tienen capacidad de coprocesado est\u00e1n mezclando su producto sin restricciones; lo cual est\u00e1 \u00abreduciendo considerablemente la competencia y encareciendo los precios repercutidos al consumidor final, ha asegurado el presidente de la asociaci\u00f3n, Enrique Gonz\u00e1lez.<\/p>\n<p>Adem\u00e1s, Gonz\u00e1lez ha se\u00f1alado que, como los operadores al por mayor con capacidad de refino est\u00e1n acaparando todo el mercado de los biocombustibles, la demanda de biodi\u00e9sel en Espa\u00f1a ha ca\u00eddo dr\u00e1sticamente, hasta los cero litros\u00bb.<\/p>\n<p>Por ello la asociaci\u00f3n ha puesto de manifiesto que la mayor\u00eda de las plantas de biodi\u00e9sel espa\u00f1olas llevan paradas desde enero y est\u00e1n poniendo en marcha planes de ERTE para gran parte de la plantilla.<\/p>\n<p>Las plantas afectadas se encuentran en zonas rurales de la pen\u00ednsula (Altorric\u00f3n, en Huesca; Algemes\u00ed, en Valencia; Cuenca; Linares, en Ja\u00e9n; Los Santos de Maimona, en Extremadura; y Calahorra, en La Rioja), por lo que la situaci\u00f3n agrava las dificultades econ\u00f3micas que ya atraviesan estos territorios.<\/p>\n<p>As\u00ed, Ewaba ha solicitado al Gobierno que publique \u00abde forma inmediata\u00bb toda la normativa que regula el Real Decreto, para que la competencia no favorezca una tecnolog\u00eda y medios en detrimento de otros, sino que se compita \u00abv\u00eda reducci\u00f3n de emisiones y coste final que se repercute al consumidor\u00bb[\/vc_column_text][vc_separator border_width=\u00bb5\u2033 css=\u00bb.vc_custom_1681901551102{margin-top: 50px !important;margin-bottom: 50px !important;}\u00bb][\/vc_column][\/vc_row][vc_row css=\u00bb.vc_custom_1681900699920{margin-right: 100px !important;}\u00bb nt_row_loop_breakpoint=\u00bb%5B%7B%7D%5D\u00bb][vc_column width=\u00bb1\/2\u2033][vc_column_text]<strong>Fuente<\/strong>: <a href=\"https:\/\/www.europapress.es\/economia\/energia-00341\/noticia-industria-biodiesel-plantea-erte-falta-regulacion-sostenibilidad-espana-20230222101201.html\">europapress.es<\/a>[\/vc_column_text][\/vc_column][vc_column width=\u00bb1\/2\u2033][\/vc_column][\/vc_row]<\/p>\n<\/div>","protected":false},"excerpt":{"rendered":"<p>[vc_row css=\u00bb.vc_custom_1681900699920{margin-right: 100px !important;}\u00bb nt_row_loop_breakpoint=\u00bb%5B%7B%7D%5D\u00bb][vc_column][vc_column_text] La industria del biodi\u00e9sel plantea un ERTE ante la falta de regulaci\u00f3n de sostenibilidad en Espa\u00f1a [\/vc_column_text][vc_single_image image=\u00bb4317\u2033 img_size=\u00bbfull\u00bb alignment=\u00bbcenter\u00bb css=\u00bb.vc_custom_1681901558783{margin-top: 50px !important;margin-bottom: 50px !important;}\u00bb][\/vc_column][\/vc_row][vc_row css=\u00bb.vc_custom_1681900699920{margin-right: 100px !important;}\u00bb nt_row_loop_breakpoint=\u00bb%5B%7B%7D%5D\u00bb][vc_column][vc_column_text]La Asociaci\u00f3n Nacional de Productores de Biodi\u00e9sel a partir de Residuos en Espa\u00f1a (Ewaba) ha manifestado en un comunicado que plantea ejecutar [&hellip;]<\/p>\n","protected":false},"author":1,"featured_media":0,"comment_status":"closed","ping_status":"closed","sticky":false,"template":"","format":"standard","meta":{"rop_custom_images_group":[],"rop_custom_messages_group":[],"rop_publish_now":"initial","rop_publish_now_accounts":{"facebook_391207609099785_107747471705101":"","twitter_1455864053738483718_1455864053738483718":""},"rop_publish_now_history":[],"rop_publish_now_status":"pending","footnotes":""},"categories":[1],"tags":[],"class_list":["post-4316","post","type-post","status-publish","format-standard","hentry","category-uncategorized"],"jetpack_featured_media_url":"","meta_box":{"nt_forester_gallery_image":[],"nt_forester_quote_text":"","nt_forester_quote_author":"","nt_forester_quote_bg":"","nt_forester_quote_bg_opacity":"80","nt_forester_audio_mp3":"","nt_forester_audio_ogg":"","nt_forester_audio_sc":"","nt_forester_audio_sc_color":"#ff7700","nt_forester_video_m4v":"","nt_forester_video_ogv":"","nt_forester_video_webm":"","nt_forester_video_embed":""},"_links":{"self":[{"href":"https:\/\/jobufer.com\/index.php\/wp-json\/wp\/v2\/posts\/4316","targetHints":{"allow":["GET"]}}],"collection":[{"href":"https:\/\/jobufer.com\/index.php\/wp-json\/wp\/v2\/posts"}],"about":[{"href":"https:\/\/jobufer.com\/index.php\/wp-json\/wp\/v2\/types\/post"}],"author":[{"embeddable":true,"href":"https:\/\/jobufer.com\/index.php\/wp-json\/wp\/v2\/users\/1"}],"replies":[{"embeddable":true,"href":"https:\/\/jobufer.com\/index.php\/wp-json\/wp\/v2\/comments?post=4316"}],"version-history":[{"count":2,"href":"https:\/\/jobufer.com\/index.php\/wp-json\/wp\/v2\/posts\/4316\/revisions"}],"predecessor-version":[{"id":4319,"href":"https:\/\/jobufer.com\/index.php\/wp-json\/wp\/v2\/posts\/4316\/revisions\/4319"}],"wp:attachment":[{"href":"https:\/\/jobufer.com\/index.php\/wp-json\/wp\/v2\/media?parent=4316"}],"wp:term":[{"taxonomy":"category","embeddable":true,"href":"https:\/\/jobufer.com\/index.php\/wp-json\/wp\/v2\/categories?post=4316"},{"taxonomy":"post_tag","embeddable":true,"href":"https:\/\/jobufer.com\/index.php\/wp-json\/wp\/v2\/tags?post=4316"}],"curies":[{"name":"wp","href":"https:\/\/api.w.org\/{rel}","templated":true}]}}