{"id":4348,"date":"2023-11-20T11:00:59","date_gmt":"2023-11-20T11:00:59","guid":{"rendered":"https:\/\/jobufer.com\/?p=4348"},"modified":"2023-11-08T10:22:27","modified_gmt":"2023-11-08T10:22:27","slug":"uso-minimo-de-combustibles-verdes-a-los-aviones","status":"publish","type":"post","link":"https:\/\/jobufer.com\/index.php\/2023\/11\/20\/uso-minimo-de-combustibles-verdes-a-los-aviones\/","title":{"rendered":"Uso m\u00ednimo de combustibles &#8216;verdes&#8217; a los aviones"},"content":{"rendered":"<div class=\"wpb-content-wrapper\">\n<p>[vc_row css=\u00bb.vc_custom_1699438625292{margin-right: 100px !important;}\u00bb nt_row_loop_breakpoint=\u00bb%5B%7B%7D%5D\u00bb][vc_column][vc_column_text css=\u00bb.vc_custom_1699438935407{margin-bottom: 25px !important;}\u00bb]<\/p>\n<h1 class=\"article-header__heading article-header__heading--s3\" style=\"text-align: center;\">La UE aprueba un uso m\u00ednimo de combustibles \u2018verdes\u2019 a los aviones desde 2025 y hasta un 70% en 2050<\/h1>\n<p>[\/vc_column_text][vc_column_text css=\u00bb.vc_custom_1699438693858{margin-bottom: 50px !important;}\u00bb]<\/p>\n<h3 class=\"article-header__subheading\" style=\"text-align: center;\">Los combustibles sostenibles aprobados se incluyen los sint\u00e9ticos como biocombustibles, quedan fuera los\u00a0cultivos alimentarios, entre otros.<\/h3>\n<p>[\/vc_column_text][\/vc_column][\/vc_row][vc_row css=\u00bb.vc_custom_1699438625292{margin-right: 100px !important;}\u00bb nt_row_loop_breakpoint=\u00bb%5B%7B%7D%5D\u00bb][vc_column][vc_column_text]<\/p>\n<p id=\"paragraph_1\" class=\"paragraph\">Los negociadores del\u00a0<strong>Parlamento Europeo y del Consejo<\/strong>\u00a0han alcanzado esta madrugada un acuerdo para imponer<strong>\u00a0un uso m\u00ednimo del\u00a0<a href=\"https:\/\/www.elespanol.com\/enclave-ods\/noticias\/20220430\/combustible-sostenible-aviones-podran-comenzar-utilizarlo-ano\/668933172_0.html\">2% de combustibles sostenibles a partir de 2025<\/a><\/strong>\u00a0a los aviones que despeguen de aeropuertos en la Uni\u00f3n Europea. El objetivo deber\u00e1 aumentar progresivamente hasta representar el<strong>\u00a070% del carburante empleado por el sector en 2050.<\/strong><\/p>\n<p id=\"paragraph_2\" class=\"paragraph\">Las nuevas reglas, que necesitan a\u00fan el visto formal del pleno de la Euroc\u00e1mara y de los Veintisiete, elevan el objetivo de carburantes \u2018verdes\u2019 que la Comisi\u00f3n Europea plante\u00f3 como inicio de la negociaci\u00f3n (65%), pero no llega al 85% que reclamaban los eurodiputados.<\/p>\n<p id=\"paragraph_3\" class=\"paragraph\">\u00abEs un punto de inflexi\u00f3n para la aviaci\u00f3n europea y la sit\u00faa en un camino firme hacia la descarbonizaci\u00f3n\u00bb, ha celebrado la<strong>\u00a0comisaria de Transporte, Andina Valean<\/strong>, para quien las nuevas normas permitir\u00e1n mejorar la seguridad energ\u00e9tica del bloque y reducir la dependencia de los Veintisiete de las importaciones de combustibles f\u00f3siles.<\/p>\n<p>[\/vc_column_text][vc_single_image image=\u00bb4349\u2033 img_size=\u00bbfull\u00bb alignment=\u00bbcenter\u00bb css=\u00bb.vc_custom_1699438888271{margin-top: 50px !important;margin-bottom: 50px !important;}\u00bb][vc_column_text]<\/p>\n<p id=\"paragraph_5\" class=\"paragraph\">La comisaria ha valorado tambi\u00e9n el potencial de creaci\u00f3n de empleo del sector de los combustibles sostenibles, un mercado que seg\u00fan Bruselas permitir\u00e1 crear m\u00e1s de\u00a0<strong>200.000 nuevos puestos de trabajo en el espacio comunitario, en especial en el sector de las renovables.<\/strong><\/p>\n<p id=\"paragraph_6\" class=\"paragraph\">La modulaci\u00f3n finalmente consensuada entre las instituciones comunitarias arranca as\u00ed del\u00a0<strong>2% en 2025 con aumentos cada cinco a\u00f1os<\/strong>, de modo que el objetivo m\u00ednimo en 20230 sea de un 6% de carburantes \u2018verdes\u2019, del 20% en 2035; 34% en 2040 y del 42% en 2045; hasta llegar el 70% en 2050.<\/p>\n<p id=\"paragraph_7\" class=\"paragraph\">En la definici\u00f3n de combustible sostenible para la aviaci\u00f3n se incluyen tanto combustibles sint\u00e9ticos como\u00a0<strong>biocombustibles<\/strong>\u00a0obtenidos de<strong>\u00a0desechos agr\u00edcolas o forestales, algas, residuos org\u00e1nicos o aceite de cocina usado.<\/strong><\/p>\n<p id=\"paragraph_8\" class=\"paragraph\">En el caso de los\u00a0<strong>sint\u00e9ticos<\/strong>, el acuerdo precisa la proporci\u00f3n espec\u00edfica de la mezcla, de modo que, por ejemplo, para el e-keroseno se fija un 1,2% en 2030; 2% en 2032; 5% en 2035 y as\u00ed progresivamente hasta el 35% en 2050.<\/p>\n<p id=\"paragraph_9\" class=\"paragraph\">A propuesta de los eurodiputados, se incluir\u00e1n tambi\u00e9n carburantes reciclados producidos a partir de gases emitidos en el procesamiento de residuos u obtenidos a partir de desechos pl\u00e1sticos.<\/p>\n<p id=\"paragraph_10\" class=\"paragraph\">Adem\u00e1s,\u00a0<strong>quedan fuera<\/strong>\u00a0aquellos combustibles que puedan obtenerse a partir de\u00a0<strong>cultivos alimentarios y forraje o los derivados del aceite de palma y la soja<\/strong>\u00a0porque no cumplen con los criterios de sostenibilidad fijados por la UE.<\/p>\n<p id=\"paragraph_11\" class=\"paragraph\">La nueva legislaci\u00f3n, que forma parte de un paquete clim\u00e1tico m\u00e1s amplio que fija los objetivos de la UE en materia ambiental para las pr\u00f3ximas d\u00e9cadas, prev\u00e9 la creaci\u00f3n de un sello europeo \u2018verde\u2019 para los vuelos a partir de 2025. El objetivo es que las aerol\u00edneas puedan acreditar la huella de carbono por pasajero y las emisiones de CO2 estimadas por kil\u00f3metro y permitir as\u00ed a los viajeros comparar cu\u00e1les son las opciones m\u00e1s sostenibles para su completar su ruta.<\/p>\n<p id=\"paragraph_12\" class=\"paragraph\">\u00abGracias a este acuerdo la descarbonizaci\u00f3n del sector a\u00e9reo est\u00e1 en marcha\u00bb, ha celebrado el\u00a0<strong>eurodiputado de Ciudadanos ponente de la posici\u00f3n de la Euroc\u00e1mara, Jos\u00e9 Ram\u00f3n Bauz\u00e1<\/strong>, quien ha destacado del acuerdo que establece \u00abcondiciones de competencia justa gracias a reglas armonizadas y preserva tambi\u00e9n la conectividad a\u00e9rea en la UE\u00bb.<\/p>\n<p>[\/vc_column_text][vc_separator border_width=\u00bb5\u2033 css=\u00bb.vc_custom_1699438749850{margin-top: 50px !important;margin-bottom: 50px !important;}\u00bb][\/vc_column][\/vc_row][vc_row css=\u00bb.vc_custom_1699438625292{margin-right: 100px !important;}\u00bb nt_row_loop_breakpoint=\u00bb%5B%7B%7D%5D\u00bb][vc_column width=\u00bb1\/2\u2033][vc_column_text]Fuente: <a href=\"https:\/\/www.elespanol.com\/invertia\/observatorios\/movilidad\/20230426\/ue-aprueba-uso-minimo-combustibles-verdes-aviones\/759174417_0.html\">elespanol.com<\/a>[\/vc_column_text][\/vc_column][vc_column width=\u00bb1\/2\u2033][\/vc_column][\/vc_row]<\/p>\n<\/div>","protected":false},"excerpt":{"rendered":"<p>[vc_row css=\u00bb.vc_custom_1699438625292{margin-right: 100px !important;}\u00bb nt_row_loop_breakpoint=\u00bb%5B%7B%7D%5D\u00bb][vc_column][vc_column_text css=\u00bb.vc_custom_1699438935407{margin-bottom: 25px !important;}\u00bb] La UE aprueba un uso m\u00ednimo de combustibles \u2018verdes\u2019 a los aviones desde 2025 y hasta un 70% en 2050 [\/vc_column_text][vc_column_text css=\u00bb.vc_custom_1699438693858{margin-bottom: 50px !important;}\u00bb] Los combustibles sostenibles aprobados se incluyen los sint\u00e9ticos como biocombustibles, quedan fuera los\u00a0cultivos alimentarios, entre otros. [\/vc_column_text][\/vc_column][\/vc_row][vc_row css=\u00bb.vc_custom_1699438625292{margin-right: 100px !important;}\u00bb nt_row_loop_breakpoint=\u00bb%5B%7B%7D%5D\u00bb][vc_column][vc_column_text] Los negociadores [&hellip;]<\/p>\n","protected":false},"author":1,"featured_media":0,"comment_status":"closed","ping_status":"closed","sticky":false,"template":"","format":"standard","meta":{"rop_custom_images_group":[],"rop_custom_messages_group":[],"rop_publish_now":"initial","rop_publish_now_accounts":{"facebook_391207609099785_107747471705101":"","twitter_1455864053738483718_1455864053738483718":""},"rop_publish_now_history":[],"rop_publish_now_status":"pending","footnotes":""},"categories":[1],"tags":[],"class_list":["post-4348","post","type-post","status-publish","format-standard","hentry","category-uncategorized"],"jetpack_featured_media_url":"","meta_box":{"nt_forester_gallery_image":[],"nt_forester_quote_text":"","nt_forester_quote_author":"","nt_forester_quote_bg":"","nt_forester_quote_bg_opacity":"80","nt_forester_audio_mp3":"","nt_forester_audio_ogg":"","nt_forester_audio_sc":"","nt_forester_audio_sc_color":"#ff7700","nt_forester_video_m4v":"","nt_forester_video_ogv":"","nt_forester_video_webm":"","nt_forester_video_embed":""},"_links":{"self":[{"href":"https:\/\/jobufer.com\/index.php\/wp-json\/wp\/v2\/posts\/4348","targetHints":{"allow":["GET"]}}],"collection":[{"href":"https:\/\/jobufer.com\/index.php\/wp-json\/wp\/v2\/posts"}],"about":[{"href":"https:\/\/jobufer.com\/index.php\/wp-json\/wp\/v2\/types\/post"}],"author":[{"embeddable":true,"href":"https:\/\/jobufer.com\/index.php\/wp-json\/wp\/v2\/users\/1"}],"replies":[{"embeddable":true,"href":"https:\/\/jobufer.com\/index.php\/wp-json\/wp\/v2\/comments?post=4348"}],"version-history":[{"count":3,"href":"https:\/\/jobufer.com\/index.php\/wp-json\/wp\/v2\/posts\/4348\/revisions"}],"predecessor-version":[{"id":4351,"href":"https:\/\/jobufer.com\/index.php\/wp-json\/wp\/v2\/posts\/4348\/revisions\/4351"}],"wp:attachment":[{"href":"https:\/\/jobufer.com\/index.php\/wp-json\/wp\/v2\/media?parent=4348"}],"wp:term":[{"taxonomy":"category","embeddable":true,"href":"https:\/\/jobufer.com\/index.php\/wp-json\/wp\/v2\/categories?post=4348"},{"taxonomy":"post_tag","embeddable":true,"href":"https:\/\/jobufer.com\/index.php\/wp-json\/wp\/v2\/tags?post=4348"}],"curies":[{"name":"wp","href":"https:\/\/api.w.org\/{rel}","templated":true}]}}