{"id":4353,"date":"2023-11-30T11:00:51","date_gmt":"2023-11-30T11:00:51","guid":{"rendered":"https:\/\/jobufer.com\/?p=4353"},"modified":"2023-11-08T10:29:48","modified_gmt":"2023-11-08T10:29:48","slug":"recuperacion-del-aceite-vegetal-usado","status":"publish","type":"post","link":"https:\/\/jobufer.com\/index.php\/2023\/11\/30\/recuperacion-del-aceite-vegetal-usado\/","title":{"rendered":"Recuperaci\u00f3n del aceite vegetal usado"},"content":{"rendered":"<div class=\"wpb-content-wrapper\">\n<p>[vc_row css=\u00bb.vc_custom_1699439048043{margin-right: 100px !important;}\u00bb nt_row_loop_breakpoint=\u00bb%5B%7B%7D%5D\u00bb][vc_column][vc_column_text css=\u00bb.vc_custom_1699439064963{margin-bottom: 25px !important;}\u00bb]<\/p>\n<h1 class=\"title\" style=\"text-align: center;\">La recuperaci\u00f3n del aceite vegetal usado gana terreno en ciudades de todo el pa\u00eds<\/h1>\n<p>[\/vc_column_text][vc_column_text]<\/p>\n<h3 class=\"description separatorlines\" style=\"text-align: center;\">Vecinos y comercios se suman a reciclar este residuo para darle una nueva vida \u00fatil. El rol de las empresas y de la educaci\u00f3n ambiental para generar conciencia sobre su recuperaci\u00f3n.<\/h3>\n<p>[\/vc_column_text][vc_single_image image=\u00bb4354\u2033 img_size=\u00bbfull\u00bb alignment=\u00bbcenter\u00bb css=\u00bb.vc_custom_1699439148691{margin-top: 50px !important;margin-bottom: 50px !important;}\u00bb][\/vc_column][\/vc_row][vc_row css=\u00bb.vc_custom_1699439048043{margin-right: 100px !important;}\u00bb nt_row_loop_breakpoint=\u00bb%5B%7B%7D%5D\u00bb][vc_column][vc_column_text]<b><span class=\"highlight\">Cada 17 de mayo se celebra el D\u00eda Mundial del Reciclaje<\/span><\/b>. El objetivo es generar conciencia en la ciudadan\u00eda sobre la importancia de participar activamente en la recuperaci\u00f3n de residuos a los cuales se les puede dar un nuevo uso.\u00a0<b><span class=\"highlight\">Se trata de un proceso mediante el cual se realiza un tratamiento sobre un material o insumo determinado para obtener de \u00e9l una nueva materia prima o producto<\/span><\/b>.<\/p>\n<p>\u00a0<\/p>\n<p>En este sentido,\u00a0<b><span class=\"highlight\">el reciclado de aceite vegetal usado, por ejemplo, permite aprovechar un recurso valioso<\/span><\/b>:<b><span class=\"highlight\">\u00a0en lugar de desecharlo, se puede acondicionar y convertir en biodiesel, un combustible renovable y m\u00e1s limpio que los combustibles f\u00f3siles<\/span><\/b>. Al optar por el reciclado, se disminuye la dependencia de los recursos naturales no renovables, como el petr\u00f3leo, y se promueven h\u00e1bitos y negocios m\u00e1s sustentables.<\/p>\n<p>Con base en la ciudad santafesina de Capit\u00e1n Berm\u00fadez, la empresa DH-SH es una de las principales del mercado en gesti\u00f3n y log\u00edstica para el reciclado de aceite vegetal usado. Seg\u00fan datos aportados por la firma, la primera en presentar una investigaci\u00f3n sobre gesti\u00f3n de aceite vegetal usado en el pa\u00eds junto a la Facultad de Agronom\u00eda de la Universidad de Buenos Aires (UBA),\u00a0<b><span class=\"highlight\">entre peque\u00f1os (generadores domiciliarios) y grandes generadores (comercios, industrias), se desechan, al a\u00f1o, casi 100 millones de litros de este residuo<\/span><\/b>.<\/p>\n<p>\u00a0<\/p>\n<p>Seg\u00fan una encuesta realizada por la firma y la Facultad,\u00a0<b><span class=\"highlight\">m\u00e1s de la mitad de los argentinos que cocinan fritos, no separan este residuo y lo descartan en ca\u00f1er\u00edas, contaminando nuestros recursos h\u00eddricos: tan solo un litro de aceite vegetal usado puede contaminar hasta mil litros de agua<\/span><\/b>.[\/vc_column_text][vc_column_text css=\u00bb.vc_custom_1699439205865{margin-top: 50px !important;margin-bottom: 50px !important;}\u00bb]<\/p>\n<h3>Campa\u00f1a \u00abRecicl\u00e1 tu Aceite\u00bb<\/h3>\n<p>[\/vc_column_text][vc_column_text]El estudio desarrollado por la compa\u00f1\u00eda tambi\u00e9n arroja que\u00a0<b><span class=\"highlight\">apenas un 22% de los hogares recuperan el aceite vegetal usado en forma regular, el 25% lo hace en forma ocasional y un 53% nunca recupera el aceite una vez utilizado para fre\u00edr<\/span><\/b>. Aun as\u00ed,<b><span class=\"highlight\">\u00a0un 73% de los encuestados present\u00f3 una alta motivaci\u00f3n a la separaci\u00f3n si se le facilitara el proceso y\/o tuviera acceso a m\u00e1s informaci\u00f3n sobre c\u00f3mo hacerlo<\/span><\/b>. \u00abA partir de estos datos es que venimos trabajando cada vez m\u00e1s en una soluci\u00f3n: es decir, mayor difusi\u00f3n, charlas educativas y el crecimiento constante de nuestros puntos verdes\u00bb. coment\u00f3 Sebasti\u00e1n Soso, responsable de Comunicaci\u00f3n de DH-SH.<\/p>\n<p>\u00a0<\/p>\n<p>Conscientes de esta realidad,\u00a0<b><span class=\"highlight\">desde el 2017, DH-SH lleva adelante la campa\u00f1a \u00abRecicl\u00e1 tu Aceite\u00bb que consiste en la recolecci\u00f3n y acondicionamiento del aceite vegetal usado generado por comercios y hogares<\/span><\/b>. Lo hace a partir de un trabajo de articulaci\u00f3n con municipios y comunas a la largo de todo el pa\u00eds donde se concretan acciones en equipo tendientes a gestionar este residuo y resolver su log\u00edstica.<\/p>\n<p>Entre los pasos comprendidos en el programa se encuentran:<\/p>\n<p>\u2013 la\u00a0<b><span class=\"highlight\">disposici\u00f3n de puntos verdes<\/span><\/b>\u00a0en los territorios para que las personas puedan trasladar su aceite usado en botellas pl\u00e1sticas,<\/p>\n<p>\u2013\u00a0<b><span class=\"highlight\">campa\u00f1as de concientizaci\u00f3n<\/span><\/b>, con charlas educativas dirigidas sobre todo a escuelas, pero tambi\u00e9n a la ciudadan\u00eda, funcionarios y generadores seg\u00fan la demanda.<\/p>\n<p>\u00a0<\/p>\n<p>\u00abPara nosotros es vital el contacto con la comunidad y las instituciones educativas ya que\u00a0<b><span class=\"highlight\">nuestra meta es sembrar conciencia y trabajar en forma colaborativa en cada localidad en la que desembarcamos<\/span><\/b>.<b><span class=\"highlight\">\u00a0Los agentes de cambio del futuro son los ni\u00f1os y adolescentes y es importante inculcarles cambios de h\u00e1bito hacia la regeneraci\u00f3n de nuestro planeta<\/span><\/b>\u00ab, destac\u00f3 Antonella Druetta, responsable de Ambiente de la compa\u00f1\u00eda.<\/p>\n<p>\u00a0<\/p>\n<p>Actualmente, DH-SH lleva generados cerca de 100 convenios en provincias como Santa Fe, Entre R\u00edos, Corrientes, Salta y Mendoza, entre otras, y m\u00e1s de 250 puntos verdes.[\/vc_column_text][vc_column_text css=\u00bb.vc_custom_1699439258082{margin-top: 50px !important;margin-bottom: 50px !important;}\u00bb]<\/p>\n<h3>Encuentro de recolectores<\/h3>\n<p>[\/vc_column_text][vc_column_text]<b><span class=\"highlight\">La empresa llev\u00f3 a cabo su primer encuentro de recolectores de aceite vegetal usado<\/span><\/b>, el cual tuvo lugar en su planta y cont\u00f3 con la participaci\u00f3n de 26 colaboradores claves para que el proceso de reciclaje sea posible a lo largo del pa\u00eds: viajaron desde Salta, Catamarca, Jujuy, Mendoza, Entre R\u00edos, Formosa y Buenos Aires, entre otras.<\/p>\n<p>\u00a0<\/p>\n<p>\u00abEl mensaje que me dej\u00f3 la \u00faltima actividad me hizo sentir que soy alguien importante para la empresa. Estoy muy contento de formar parte\u00bb, opin\u00f3 Cristi\u00e1n Ram, uno de los participantes. En esta l\u00ednea, Sonia Brasiligiano, tambi\u00e9n recolectora que particip\u00f3 del encuentro, destac\u00f3 que las actividades que realizaron durante la jornada fueron \u00abmuy \u00fatiles ya que salvamos dudas y pudimos conocer otras experiencias, las cuales nos sirven para poder mejorar en nuestra labor\u00bb.<\/p>\n<p>Otros comentarios de recolectores destacaron el potencial para seguir creciendo en este sector y la importancia de trabajar en conjunto para lograr objetivos concretos y alineados con el medioambiente, a partir de metas de trabajo claras.[\/vc_column_text][vc_separator border_width=\u00bb5\u2033 css=\u00bb.vc_custom_1699439297642{margin-top: 50px !important;margin-bottom: 50px !important;}\u00bb][\/vc_column][\/vc_row][vc_row css=\u00bb.vc_custom_1699439048043{margin-right: 100px !important;}\u00bb nt_row_loop_breakpoint=\u00bb%5B%7B%7D%5D\u00bb][vc_column width=\u00bb1\/2\u2033][vc_column_text]Fuente: <a href=\"https:\/\/www.carbono.news\/economia\/la-recuperacion-del-aceite-vegetal-usado-gana-terreno-en-ciudades-de-todo-el-pais\/\">carbono.news<\/a>[\/vc_column_text][\/vc_column][vc_column width=\u00bb1\/2\u2033][\/vc_column][\/vc_row]<\/p>\n<\/div>","protected":false},"excerpt":{"rendered":"<p>[vc_row css=\u00bb.vc_custom_1699439048043{margin-right: 100px !important;}\u00bb nt_row_loop_breakpoint=\u00bb%5B%7B%7D%5D\u00bb][vc_column][vc_column_text css=\u00bb.vc_custom_1699439064963{margin-bottom: 25px !important;}\u00bb] La recuperaci\u00f3n del aceite vegetal usado gana terreno en ciudades de todo el pa\u00eds [\/vc_column_text][vc_column_text] Vecinos y comercios se suman a reciclar este residuo para darle una nueva vida \u00fatil. El rol de las empresas y de la educaci\u00f3n ambiental para generar conciencia sobre su recuperaci\u00f3n. [\/vc_column_text][vc_single_image [&hellip;]<\/p>\n","protected":false},"author":1,"featured_media":0,"comment_status":"closed","ping_status":"closed","sticky":false,"template":"","format":"standard","meta":{"rop_custom_images_group":[],"rop_custom_messages_group":[],"rop_publish_now":"initial","rop_publish_now_accounts":{"facebook_391207609099785_107747471705101":"","twitter_1455864053738483718_1455864053738483718":""},"rop_publish_now_history":[],"rop_publish_now_status":"pending","footnotes":""},"categories":[1],"tags":[],"class_list":["post-4353","post","type-post","status-publish","format-standard","hentry","category-uncategorized"],"jetpack_featured_media_url":"","meta_box":{"nt_forester_gallery_image":[],"nt_forester_quote_text":"","nt_forester_quote_author":"","nt_forester_quote_bg":"","nt_forester_quote_bg_opacity":"80","nt_forester_audio_mp3":"","nt_forester_audio_ogg":"","nt_forester_audio_sc":"","nt_forester_audio_sc_color":"#ff7700","nt_forester_video_m4v":"","nt_forester_video_ogv":"","nt_forester_video_webm":"","nt_forester_video_embed":""},"_links":{"self":[{"href":"https:\/\/jobufer.com\/index.php\/wp-json\/wp\/v2\/posts\/4353","targetHints":{"allow":["GET"]}}],"collection":[{"href":"https:\/\/jobufer.com\/index.php\/wp-json\/wp\/v2\/posts"}],"about":[{"href":"https:\/\/jobufer.com\/index.php\/wp-json\/wp\/v2\/types\/post"}],"author":[{"embeddable":true,"href":"https:\/\/jobufer.com\/index.php\/wp-json\/wp\/v2\/users\/1"}],"replies":[{"embeddable":true,"href":"https:\/\/jobufer.com\/index.php\/wp-json\/wp\/v2\/comments?post=4353"}],"version-history":[{"count":2,"href":"https:\/\/jobufer.com\/index.php\/wp-json\/wp\/v2\/posts\/4353\/revisions"}],"predecessor-version":[{"id":4356,"href":"https:\/\/jobufer.com\/index.php\/wp-json\/wp\/v2\/posts\/4353\/revisions\/4356"}],"wp:attachment":[{"href":"https:\/\/jobufer.com\/index.php\/wp-json\/wp\/v2\/media?parent=4353"}],"wp:term":[{"taxonomy":"category","embeddable":true,"href":"https:\/\/jobufer.com\/index.php\/wp-json\/wp\/v2\/categories?post=4353"},{"taxonomy":"post_tag","embeddable":true,"href":"https:\/\/jobufer.com\/index.php\/wp-json\/wp\/v2\/tags?post=4353"}],"curies":[{"name":"wp","href":"https:\/\/api.w.org\/{rel}","templated":true}]}}